[{"CODIGO":"136","MUNICIPIO_COD_IBGE":"4208450","MUNICIPIO":"ITAPO\u00c1","PONTO_NOME":"Ponto 01","BALNEARIO":"PRAIA DE ITAPO\u00c1","LOCALIZACAO":"Balne\u00e1rio Bras\u00edlia, final da Avenida 650","LATITUDE":"-26.06486767369552","LONGITUDE":"-48.61064954994685","ANALISES":[{"DATA":"28\/04\/2026","CONDICAO":"IMPR\u00d3PRIO","CHUVA":"Ausente","RESULTADO":"52","TEMP_AGUA":"24"},{"DATA":"31\/03\/2026","CONDICAO":"IMPR\u00d3PRIO","CHUVA":"Moderada","RESULTADO":"24196","TEMP_AGUA":"26"},{"DATA":"25\/03\/2026","CONDICAO":"PR\u00d3PRIO","CHUVA":"Ausente","RESULTADO":"120","TEMP_AGUA":"26"},{"DATA":"17\/03\/2026","CONDICAO":"PR\u00d3PRIO","CHUVA":"Ausente","RESULTADO":"98","TEMP_AGUA":"27"},{"DATA":"10\/03\/2026","CONDICAO":"IMPR\u00d3PRIO","CHUVA":"Fraca","RESULTADO":"8704","TEMP_AGUA":"26"}]},{"CODIGO":"218","MUNICIPIO_COD_IBGE":"4205407","MUNICIPIO":"FLORIAN\u00d3POLIS","PONTO_NOME":"Ponto 04","BALNEARIO":"PRAIA DA SAUDADE","LOCALIZACAO":"No canto esquerdo da praia","LATITUDE":"-27.61091429561392","LONGITUDE":"-48.5795184931059","ANALISES":[{"DATA":"27\/04\/2026","CONDICAO":"IMPR\u00d3PRIO","CHUVA":"Moderada","RESULTADO":"24196","TEMP_AGUA":"25"},{"DATA":"30\/03\/2026","CONDICAO":"IMPR\u00d3PRIO","CHUVA":"Ausente","RESULTADO":"4106","TEMP_AGUA":"27"},{"DATA":"24\/03\/2026","CONDICAO":"IMPR\u00d3PRIO","CHUVA":"Ausente","RESULTADO":"109","TEMP_AGUA":"27"},{"DATA":"16\/03\/2026","CONDICAO":"IMPR\u00d3PRIO","CHUVA":"Ausente","RESULTADO":"24196","TEMP_AGUA":"28"},{"DATA":"09\/03\/2026","CONDICAO":"IMPR\u00d3PRIO","CHUVA":"Moderada","RESULTADO":"369","TEMP_AGUA":"24"}]},{"CODIGO":"253","MUNICIPIO_COD_IBGE":"4205407","MUNICIPIO":"FLORIAN\u00d3POLIS","PONTO_NOME":"Ponto 32","BALNEARIO":"PRAIA DA BARRA DA LAGOA","LOCALIZACAO":"Aproximadamente 50 metros \u00e0 esquerda dos molhes","LATITUDE":"-27.5739682074886","LONGITUDE":"-48.42333433387406","ANALISES":[{"DATA":"28\/04\/2026","CONDICAO":"IMPR\u00d3PRIO","CHUVA":"Ausente","RESULTADO":"1119","TEMP_AGUA":"22"},{"DATA":"31\/03\/2026","CONDICAO":"PR\u00d3PRIO","CHUVA":"Moderada","RESULTADO":"31","TEMP_AGUA":"22"},{"DATA":"25\/03\/2026","CONDICAO":"PR\u00d3PRIO","CHUVA":"Ausente","RESULTADO":"10","TEMP_AGUA":"23"},{"DATA":"17\/03\/2026","CONDICAO":"PR\u00d3PRIO","CHUVA":"Ausente","RESULTADO":"31","TEMP_AGUA":"20"},{"DATA":"10\/03\/2026","CONDICAO":"PR\u00d3PRIO","CHUVA":"Moderada","RESULTADO":"1597","TEMP_AGUA":"23"}]},{"CODIGO":"243","MUNICIPIO_COD_IBGE":"4205407","MUNICIPIO":"FLORIAN\u00d3POLIS","PONTO_NOME":"Ponto 67","BALNEARIO":"PRAIA DE PONTA DAS CANAS","LOCALIZACAO":"Estrada Geral de Ponta das Canas, altura do n\u00b05.281, na Lagoa","LATITUDE":"-27.402680772137","LONGITUDE":"-48.42769481853","ANALISES":[{"DATA":"27\/04\/2026","CONDICAO":"IMPR\u00d3PRIO","CHUVA":"Intensa","RESULTADO":"24196","TEMP_AGUA":"23"},{"DATA":"30\/03\/2026","CONDICAO":"IMPR\u00d3PRIO","CHUVA":"Ausente","RESULTADO":"1223","TEMP_AGUA":"27"},{"DATA":"24\/03\/2026","CONDICAO":"IMPR\u00d3PRIO","CHUVA":"Fraca","RESULTADO":"15531","TEMP_AGUA":"23"},{"DATA":"16\/03\/2026","CONDICAO":"IMPR\u00d3PRIO","CHUVA":"Ausente","RESULTADO":"405","TEMP_AGUA":"26"},{"DATA":"09\/03\/2026","CONDICAO":"IMPR\u00d3PRIO","CHUVA":"Intensa","RESULTADO":"24196","TEMP_AGUA":"26"}]},{"CODIGO":"225","MUNICIPIO_COD_IBGE":"4205407","MUNICIPIO":"FLORIAN\u00d3POLIS","PONTO_NOME":"Ponto 11","BALNEARIO":"PRAIA DA BEIRA MAR NORTE","LOCALIZACAO":"Em frente ao Monumento da Pol\u00edcia Militar","LATITUDE":"-27.584624","LONGITUDE":"-48.549345","ANALISES":[{"DATA":"27\/04\/2026","CONDICAO":"IMPR\u00d3PRIO","CHUVA":"Moderada","RESULTADO":"24196","TEMP_AGUA":"25"},{"DATA":"30\/03\/2026","CONDICAO":"IMPR\u00d3PRIO","CHUVA":"Ausente","RESULTADO":"1850","TEMP_AGUA":"27"},{"DATA":"24\/03\/2026","CONDICAO":"IMPR\u00d3PRIO","CHUVA":"Ausente","RESULTADO":"109","TEMP_AGUA":"27"},{"DATA":"16\/03\/2026","CONDICAO":"IMPR\u00d3PRIO","CHUVA":"Ausente","RESULTADO":"9208","TEMP_AGUA":"26"},{"DATA":"09\/03\/2026","CONDICAO":"IMPR\u00d3PRIO","CHUVA":"Moderada","RESULTADO":"3448","TEMP_AGUA":"25"}]},{"CODIGO":"224","MUNICIPIO_COD_IBGE":"4205407","MUNICIPIO":"FLORIAN\u00d3POLIS","PONTO_NOME":"Ponto 10","BALNEARIO":"PRAIA DO CACUP\u00c9","LOCALIZACAO":"No meio da Praia","LATITUDE":"-27.5424225552425","LONGITUDE":"-48.524921429456","ANALISES":[{"DATA":"27\/04\/2026","CONDICAO":"IMPR\u00d3PRIO","CHUVA":"Moderada","RESULTADO":"11199","TEMP_AGUA":"25"},{"DATA":"30\/03\/2026","CONDICAO":"IMPR\u00d3PRIO","CHUVA":"Ausente","RESULTADO":"10462","TEMP_AGUA":"27"},{"DATA":"24\/03\/2026","CONDICAO":"IMPR\u00d3PRIO","CHUVA":"Ausente","RESULTADO":"1374","TEMP_AGUA":"27"},{"DATA":"16\/03\/2026","CONDICAO":"PR\u00d3PRIO","CHUVA":"Ausente","RESULTADO":"187","TEMP_AGUA":"28"},{"DATA":"09\/03\/2026","CONDICAO":"IMPR\u00d3PRIO","CHUVA":"Moderada","RESULTADO":"520","TEMP_AGUA":"25"}]},{"CODIGO":"222","MUNICIPIO_COD_IBGE":"4205407","MUNICIPIO":"FLORIAN\u00d3POLIS","PONTO_NOME":"Ponto 08","BALNEARIO":"PRAIA DO BOM ABRIGO","LOCALIZACAO":"Em frente \u00e0 Rua Te\u00f3filo Almeida","LATITUDE":"-27.6121387401247","LONGITUDE":"-48.597005293926","ANALISES":[{"DATA":"27\/04\/2026","CONDICAO":"IMPR\u00d3PRIO","CHUVA":"Moderada","RESULTADO":"17329","TEMP_AGUA":"24"},{"DATA":"30\/03\/2026","CONDICAO":"IMPR\u00d3PRIO","CHUVA":"Ausente","RESULTADO":"5475","TEMP_AGUA":"27"},{"DATA":"24\/03\/2026","CONDICAO":"IMPR\u00d3PRIO","CHUVA":"Ausente","RESULTADO":"504","TEMP_AGUA":"27"},{"DATA":"16\/03\/2026","CONDICAO":"IMPR\u00d3PRIO","CHUVA":"Ausente","RESULTADO":"1439","TEMP_AGUA":"28"},{"DATA":"09\/03\/2026","CONDICAO":"IMPR\u00d3PRIO","CHUVA":"Moderada","RESULTADO":"504","TEMP_AGUA":"24"}]},{"CODIGO":"221","MUNICIPIO_COD_IBGE":"4205407","MUNICIPIO":"FLORIAN\u00d3POLIS","PONTO_NOME":"Ponto 07","BALNEARIO":"PRAIA DAS PALMEIRAS","LOCALIZACAO":"No meio da praia","LATITUDE":"-27.6160033597746","LONGITUDE":"-48.5950772816238","ANALISES":[{"DATA":"27\/04\/2026","CONDICAO":"IMPR\u00d3PRIO","CHUVA":"Moderada","RESULTADO":"2247","TEMP_AGUA":"25"},{"DATA":"30\/03\/2026","CONDICAO":"PR\u00d3PRIO","CHUVA":"Ausente","RESULTADO":"158","TEMP_AGUA":"27"},{"DATA":"24\/03\/2026","CONDICAO":"IMPR\u00d3PRIO","CHUVA":"Ausente","RESULTADO":"175","TEMP_AGUA":"27"},{"DATA":"16\/03\/2026","CONDICAO":"IMPR\u00d3PRIO","CHUVA":"Ausente","RESULTADO":"161","TEMP_AGUA":"28"},{"DATA":"09\/03\/2026","CONDICAO":"IMPR\u00d3PRIO","CHUVA":"Moderada","RESULTADO":"313","TEMP_AGUA":"25"}]},{"CODIGO":"220","MUNICIPIO_COD_IBGE":"4205407","MUNICIPIO":"FLORIAN\u00d3POLIS","PONTO_NOME":"Ponto 06","BALNEARIO":"PRAIA DO ITAGUA\u00c7U","LOCALIZACAO":"Na Rua Desembargador Pedro Silva, em frente ao n\u00b03130","LATITUDE":"-27.61704842388698","LONGITUDE":"-48.591863530093","ANALISES":[{"DATA":"27\/04\/2026","CONDICAO":"IMPR\u00d3PRIO","CHUVA":"Moderada","RESULTADO":"1918","TEMP_AGUA":"25"},{"DATA":"30\/03\/2026","CONDICAO":"IMPR\u00d3PRIO","CHUVA":"Ausente","RESULTADO":"1414","TEMP_AGUA":"27"},{"DATA":"24\/03\/2026","CONDICAO":"IMPR\u00d3PRIO","CHUVA":"Ausente","RESULTADO":"317","TEMP_AGUA":"27"},{"DATA":"16\/03\/2026","CONDICAO":"IMPR\u00d3PRIO","CHUVA":"Ausente","RESULTADO":"19863","TEMP_AGUA":"28"},{"DATA":"09\/03\/2026","CONDICAO":"IMPR\u00d3PRIO","CHUVA":"Moderada","RESULTADO":"24196","TEMP_AGUA":"25"}]},{"CODIGO":"219","MUNICIPIO_COD_IBGE":"4205407","MUNICIPIO":"FLORIAN\u00d3POLIS","PONTO_NOME":"Ponto 05","BALNEARIO":"PRAIA DO MEIO","LOCALIZACAO":"No meio da Praia, em frente ao n\u00b02392 Coqueiros","LATITUDE":"-27.61363788356","LONGITUDE":"-48.5851311167437","ANALISES":[{"DATA":"27\/04\/2026","CONDICAO":"IMPR\u00d3PRIO","CHUVA":"Moderada","RESULTADO":"2755","TEMP_AGUA":"25"},{"DATA":"30\/03\/2026","CONDICAO":"PR\u00d3PRIO","CHUVA":"Ausente","RESULTADO":"63","TEMP_AGUA":"27"},{"DATA":"24\/03\/2026","CONDICAO":"PR\u00d3PRIO","CHUVA":"Ausente","RESULTADO":"85","TEMP_AGUA":"28"},{"DATA":"16\/03\/2026","CONDICAO":"PR\u00d3PRIO","CHUVA":"Ausente","RESULTADO":"74","TEMP_AGUA":"28"},{"DATA":"09\/03\/2026","CONDICAO":"PR\u00d3PRIO","CHUVA":"Moderada","RESULTADO":"231","TEMP_AGUA":"24"}]},{"CODIGO":"217","MUNICIPIO_COD_IBGE":"4205407","MUNICIPIO":"FLORIAN\u00d3POLIS","PONTO_NOME":"Ponto 03","BALNEARIO":"PRAIA DO MATADOURO","LOCALIZACAO":"Em frente a Rua Belmira Isabel Martins","LATITUDE":"-27.5869590098687","LONGITUDE":"-48.5764904152094","ANALISES":[{"DATA":"27\/04\/2026","CONDICAO":"IMPR\u00d3PRIO","CHUVA":"Moderada","RESULTADO":"24196","TEMP_AGUA":"25"},{"DATA":"30\/03\/2026","CONDICAO":"IMPR\u00d3PRIO","CHUVA":"Ausente","RESULTADO":"4611","TEMP_AGUA":"27"},{"DATA":"24\/03\/2026","CONDICAO":"IMPR\u00d3PRIO","CHUVA":"Ausente","RESULTADO":"15531","TEMP_AGUA":"28"},{"DATA":"16\/03\/2026","CONDICAO":"IMPR\u00d3PRIO","CHUVA":"Ausente","RESULTADO":"5794","TEMP_AGUA":"28"},{"DATA":"09\/03\/2026","CONDICAO":"IMPR\u00d3PRIO","CHUVA":"Moderada","RESULTADO":"5794","TEMP_AGUA":"25"}]},{"CODIGO":"272","MUNICIPIO_COD_IBGE":"4205407","MUNICIPIO":"FLORIAN\u00d3POLIS","PONTO_NOME":"Ponto 52","BALNEARIO":"PRAIA DO JOS\u00c9 MENDES","LOCALIZACAO":"No meio da Praia, em frente ao n\u00b0263","LATITUDE":"-27.61293287423","LONGITUDE":"-48.54752607809","ANALISES":[{"DATA":"27\/04\/2026","CONDICAO":"IMPR\u00d3PRIO","CHUVA":"Moderada","RESULTADO":"1296","TEMP_AGUA":"25"},{"DATA":"30\/03\/2026","CONDICAO":"IMPR\u00d3PRIO","CHUVA":"Ausente","RESULTADO":"1236","TEMP_AGUA":"27"},{"DATA":"24\/03\/2026","CONDICAO":"IMPR\u00d3PRIO","CHUVA":"Ausente","RESULTADO":"670","TEMP_AGUA":"27"},{"DATA":"16\/03\/2026","CONDICAO":"IMPR\u00d3PRIO","CHUVA":"Ausente","RESULTADO":"1145","TEMP_AGUA":"26"},{"DATA":"09\/03\/2026","CONDICAO":"IMPR\u00d3PRIO","CHUVA":"Moderada","RESULTADO":"9208","TEMP_AGUA":"25"}]},{"CODIGO":"216","MUNICIPIO_COD_IBGE":"4205407","MUNICIPIO":"FLORIAN\u00d3POLIS","PONTO_NOME":"Ponto 02","BALNEARIO":"PRAIA DO BALNE\u00c1RIO","LOCALIZACAO":"Em frente \u00e0 Rua Jos\u00e9 C\u00e2ndido da Silva","LATITUDE":"-27.57778961702028","LONGITUDE":"-48.57845402874648","ANALISES":[{"DATA":"27\/04\/2026","CONDICAO":"IMPR\u00d3PRIO","CHUVA":"Moderada","RESULTADO":"2481","TEMP_AGUA":"25"},{"DATA":"30\/03\/2026","CONDICAO":"IMPR\u00d3PRIO","CHUVA":"Ausente","RESULTADO":"565","TEMP_AGUA":"27"},{"DATA":"24\/03\/2026","CONDICAO":"IMPR\u00d3PRIO","CHUVA":"Ausente","RESULTADO":"3255","TEMP_AGUA":"28"},{"DATA":"16\/03\/2026","CONDICAO":"PR\u00d3PRIO","CHUVA":"Ausente","RESULTADO":"650","TEMP_AGUA":"28"},{"DATA":"09\/03\/2026","CONDICAO":"IMPR\u00d3PRIO","CHUVA":"Moderada","RESULTADO":"2359","TEMP_AGUA":"24"}]},{"CODIGO":"215","MUNICIPIO_COD_IBGE":"4205407","MUNICIPIO":"FLORIAN\u00d3POLIS","PONTO_NOME":"Ponto 01","BALNEARIO":"PRAIA DO JARDIM ATL\u00c2NTICO","LOCALIZACAO":"Em frente \u00e0 Rua Elesb\u00e3o Pinto da Luz","LATITUDE":"-27.5738221075775","LONGITUDE":"-48.5973044209087","ANALISES":[{"DATA":"27\/04\/2026","CONDICAO":"IMPR\u00d3PRIO","CHUVA":"Moderada","RESULTADO":"4884","TEMP_AGUA":"25"},{"DATA":"30\/03\/2026","CONDICAO":"IMPR\u00d3PRIO","CHUVA":"Ausente","RESULTADO":"24196","TEMP_AGUA":"27"},{"DATA":"24\/03\/2026","CONDICAO":"IMPR\u00d3PRIO","CHUVA":"Ausente","RESULTADO":"24196","TEMP_AGUA":"27"},{"DATA":"16\/03\/2026","CONDICAO":"IMPR\u00d3PRIO","CHUVA":"Ausente","RESULTADO":"24196","TEMP_AGUA":"28"},{"DATA":"09\/03\/2026","CONDICAO":"IMPR\u00d3PRIO","CHUVA":"Moderada","RESULTADO":"2064","TEMP_AGUA":"24"}]},{"CODIGO":"214","MUNICIPIO_COD_IBGE":"4202305","MUNICIPIO":"BIGUA\u00c7\u00da","PONTO_NOME":"Ponto 01","BALNEARIO":"PRAIA DE S\u00c3O MIGUEL","LOCALIZACAO":"Em frente ao aqueduto","LATITUDE":"-27.45225819152898","LONGITUDE":"-48.6330515894704","ANALISES":[{"DATA":"28\/04\/2026","CONDICAO":"IMPR\u00d3PRIO","CHUVA":"Ausente","RESULTADO":"1565","TEMP_AGUA":"21"},{"DATA":"31\/03\/2026","CONDICAO":"IMPR\u00d3PRIO","CHUVA":"Moderada","RESULTADO":"5172","TEMP_AGUA":"23"},{"DATA":"24\/03\/2026","CONDICAO":"IMPR\u00d3PRIO","CHUVA":"Ausente","RESULTADO":"3255","TEMP_AGUA":"24"},{"DATA":"17\/03\/2026","CONDICAO":"IMPR\u00d3PRIO","CHUVA":"Ausente","RESULTADO":"4611","TEMP_AGUA":"24"},{"DATA":"10\/03\/2026","CONDICAO":"IMPR\u00d3PRIO","CHUVA":"Fraca","RESULTADO":"985","TEMP_AGUA":"23"}]},{"CODIGO":"210","MUNICIPIO_COD_IBGE":"4202453","MUNICIPIO":"BOMBINHAS","PONTO_NOME":"Ponto 08","BALNEARIO":"PRAIA DO CANTO GRANDE","LOCALIZACAO":"Em frente \u00e0 Rua Jequiti, pr\u00f3ximo ao trapiche","LATITUDE":"-27.20056691224584","LONGITUDE":"-48.49890475826328","ANALISES":[{"DATA":"27\/04\/2026","CONDICAO":"IMPR\u00d3PRIO","CHUVA":"Moderada","RESULTADO":"233","TEMP_AGUA":"22"},{"DATA":"30\/03\/2026","CONDICAO":"IMPR\u00d3PRIO","CHUVA":"Ausente","RESULTADO":"265","TEMP_AGUA":"23"},{"DATA":"24\/03\/2026","CONDICAO":"IMPR\u00d3PRIO","CHUVA":"Ausente","RESULTADO":"24196","TEMP_AGUA":"25"},{"DATA":"16\/03\/2026","CONDICAO":"IMPR\u00d3PRIO","CHUVA":"Ausente","RESULTADO":"455","TEMP_AGUA":"26"},{"DATA":"09\/03\/2026","CONDICAO":"IMPR\u00d3PRIO","CHUVA":"Fraca","RESULTADO":"1376","TEMP_AGUA":"24"}]},{"CODIGO":"207","MUNICIPIO_COD_IBGE":"4202453","MUNICIPIO":"BOMBINHAS","PONTO_NOME":"Ponto 04","BALNEARIO":"PRAIA DE BOMBAS","LOCALIZACAO":"Em frente \u00e0 Rua Tiriba","LATITUDE":"-27.145934345632714","LONGITUDE":"-48.50012298383225","ANALISES":[{"DATA":"27\/04\/2026","CONDICAO":"IMPR\u00d3PRIO","CHUVA":"Moderada","RESULTADO":"10","TEMP_AGUA":"23"},{"DATA":"30\/03\/2026","CONDICAO":"IMPR\u00d3PRIO","CHUVA":"Ausente","RESULTADO":"4884","TEMP_AGUA":"26"},{"DATA":"24\/03\/2026","CONDICAO":"IMPR\u00d3PRIO","CHUVA":"Ausente","RESULTADO":"2382","TEMP_AGUA":"26"},{"DATA":"16\/03\/2026","CONDICAO":"IMPR\u00d3PRIO","CHUVA":"Ausente","RESULTADO":"8664","TEMP_AGUA":"27"},{"DATA":"09\/03\/2026","CONDICAO":"IMPR\u00d3PRIO","CHUVA":"Fraca","RESULTADO":"24196","TEMP_AGUA":"25"}]},{"CODIGO":"195","MUNICIPIO_COD_IBGE":"4208302","MUNICIPIO":"ITAPEMA","PONTO_NOME":"Ponto 08","BALNEARIO":"PRAIA DE ITAPEMA","LOCALIZACAO":"Na Rua 261","LATITUDE":"-27.131983","LONGITUDE":"-48.596826","ANALISES":[{"DATA":"27\/04\/2026","CONDICAO":"IMPR\u00d3PRIO","CHUVA":"Moderada","RESULTADO":"10","TEMP_AGUA":"25"},{"DATA":"30\/03\/2026","CONDICAO":"IMPR\u00d3PRIO","CHUVA":"Ausente","RESULTADO":"1076","TEMP_AGUA":"28"},{"DATA":"24\/03\/2026","CONDICAO":"PR\u00d3PRIO","CHUVA":"Ausente","RESULTADO":"161","TEMP_AGUA":"27"},{"DATA":"16\/03\/2026","CONDICAO":"IMPR\u00d3PRIO","CHUVA":"Ausente","RESULTADO":"185","TEMP_AGUA":"28"},{"DATA":"09\/03\/2026","CONDICAO":"IMPR\u00d3PRIO","CHUVA":"Fraca","RESULTADO":"1169","TEMP_AGUA":"25"}]},{"CODIGO":"193","MUNICIPIO_COD_IBGE":"4208302","MUNICIPIO":"ITAPEMA","PONTO_NOME":"Ponto 05","BALNEARIO":"PRAIA DE ITAPEMA","LOCALIZACAO":"Na Rua 205","LATITUDE":"-27.116662","LONGITUDE":"-48.607453","ANALISES":[{"DATA":"27\/04\/2026","CONDICAO":"IMPR\u00d3PRIO","CHUVA":"Moderada","RESULTADO":"24196","TEMP_AGUA":"25"},{"DATA":"30\/03\/2026","CONDICAO":"IMPR\u00d3PRIO","CHUVA":"Ausente","RESULTADO":"145","TEMP_AGUA":"28"},{"DATA":"24\/03\/2026","CONDICAO":"IMPR\u00d3PRIO","CHUVA":"Ausente","RESULTADO":"135","TEMP_AGUA":"28"},{"DATA":"16\/03\/2026","CONDICAO":"IMPR\u00d3PRIO","CHUVA":"Ausente","RESULTADO":"4884","TEMP_AGUA":"28"},{"DATA":"09\/03\/2026","CONDICAO":"IMPR\u00d3PRIO","CHUVA":"Fraca","RESULTADO":"8664","TEMP_AGUA":"26"}]},{"CODIGO":"191","MUNICIPIO_COD_IBGE":"4208302","MUNICIPIO":"ITAPEMA","PONTO_NOME":"Ponto 03","BALNEARIO":"PRAIA DE ITAPEMA","LOCALIZACAO":"Na Rua 227","LATITUDE":"-27.1241705200084","LONGITUDE":"-48.60309903789","ANALISES":[{"DATA":"27\/04\/2026","CONDICAO":"IMPR\u00d3PRIO","CHUVA":"Moderada","RESULTADO":"41","TEMP_AGUA":"25"},{"DATA":"30\/03\/2026","CONDICAO":"IMPR\u00d3PRIO","CHUVA":"Ausente","RESULTADO":"15531","TEMP_AGUA":"28"},{"DATA":"24\/03\/2026","CONDICAO":"PR\u00d3PRIO","CHUVA":"Ausente","RESULTADO":"609","TEMP_AGUA":"28"},{"DATA":"16\/03\/2026","CONDICAO":"IMPR\u00d3PRIO","CHUVA":"Ausente","RESULTADO":"9804","TEMP_AGUA":"28"},{"DATA":"09\/03\/2026","CONDICAO":"PR\u00d3PRIO","CHUVA":"Fraca","RESULTADO":"583","TEMP_AGUA":"25"}]},{"CODIGO":"266","MUNICIPIO_COD_IBGE":"4205407","MUNICIPIO":"FLORIAN\u00d3POLIS","PONTO_NOME":"Ponto 64","BALNEARIO":"PRAIA DA ARMA\u00c7\u00c3O DO P\u00c2NTANO DO SUL","LOCALIZACAO":"Na Foz do Rio Sangradouro (no rio)","LATITUDE":"-27.7510208371275","LONGITUDE":"-48.5011923411633","ANALISES":[{"DATA":"28\/04\/2026","CONDICAO":"IMPR\u00d3PRIO","CHUVA":"Ausente","RESULTADO":"4352","TEMP_AGUA":"21"},{"DATA":"31\/03\/2026","CONDICAO":"IMPR\u00d3PRIO","CHUVA":"Moderada","RESULTADO":"24196","TEMP_AGUA":"23"},{"DATA":"25\/03\/2026","CONDICAO":"IMPR\u00d3PRIO","CHUVA":"Ausente","RESULTADO":"5794","TEMP_AGUA":"24"},{"DATA":"17\/03\/2026","CONDICAO":"IMPR\u00d3PRIO","CHUVA":"Ausente","RESULTADO":"1281","TEMP_AGUA":"20"},{"DATA":"10\/03\/2026","CONDICAO":"IMPR\u00d3PRIO","CHUVA":"Moderada","RESULTADO":"7215","TEMP_AGUA":"23"}]},{"CODIGO":"275","MUNICIPIO_COD_IBGE":"4216602","MUNICIPIO":"S\u00c3O JOS\u00c9","PONTO_NOME":"Ponto 01","BALNEARIO":"PRAIA DE GUARAREMA","LOCALIZACAO":"Canto esquerdo da praia","LATITUDE":"-27.637542","LONGITUDE":"-48.631057","ANALISES":[{"DATA":"28\/04\/2026","CONDICAO":"IMPR\u00d3PRIO","CHUVA":"Ausente","RESULTADO":"11199","TEMP_AGUA":"22"},{"DATA":"31\/03\/2026","CONDICAO":"IMPR\u00d3PRIO","CHUVA":"Moderada","RESULTADO":"12997","TEMP_AGUA":"26"},{"DATA":"25\/03\/2026","CONDICAO":"IMPR\u00d3PRIO","CHUVA":"Ausente","RESULTADO":"2613","TEMP_AGUA":"28"},{"DATA":"17\/03\/2026","CONDICAO":"IMPR\u00d3PRIO","CHUVA":"Ausente","RESULTADO":"85","TEMP_AGUA":"28"},{"DATA":"10\/03\/2026","CONDICAO":"IMPR\u00d3PRIO","CHUVA":"Moderada","RESULTADO":"6131","TEMP_AGUA":"25"}]},{"CODIGO":"184","MUNICIPIO_COD_IBGE":"4202008","MUNICIPIO":"BALNE\u00c1RIO CAMBORI\u00da","PONTO_NOME":"Ponto 14","BALNEARIO":"PRAIA DO BALN. CAMBORI\u00da","LOCALIZACAO":"Em frente \u00e0 Rua n\u00b051","LATITUDE":"-26.986498","LONGITUDE":"-48.631947","ANALISES":[{"DATA":"27\/04\/2026","CONDICAO":"IMPR\u00d3PRIO","CHUVA":"Moderada","RESULTADO":"813","TEMP_AGUA":"23"},{"DATA":"22\/04\/2026","CONDICAO":"IMPR\u00d3PRIO","CHUVA":"Ausente","RESULTADO":"2359","TEMP_AGUA":"24"},{"DATA":"13\/04\/2026","CONDICAO":"PR\u00d3PRIO","CHUVA":"Fraca","RESULTADO":"31","TEMP_AGUA":"23"},{"DATA":"06\/04\/2026","CONDICAO":"PR\u00d3PRIO","CHUVA":"Intensa","RESULTADO":"31","TEMP_AGUA":"25"},{"DATA":"30\/03\/2026","CONDICAO":"PR\u00d3PRIO","CHUVA":"Ausente","RESULTADO":"10","TEMP_AGUA":"26"}]},{"CODIGO":"346","MUNICIPIO_COD_IBGE":"4211900","MUNICIPIO":"PALHO\u00c7A","PONTO_NOME":"Ponto 05","BALNEARIO":"PRAIA DA PINHEIRA","LOCALIZACAO":"Rua Beira Rio, no Rio pr\u00f3ximo a foz","LATITUDE":"-27.851124","LONGITUDE":"-48.594385","ANALISES":[{"DATA":"28\/04\/2026","CONDICAO":"IMPR\u00d3PRIO","CHUVA":"Ausente","RESULTADO":"1553","TEMP_AGUA":"21"},{"DATA":"31\/03\/2026","CONDICAO":"IMPR\u00d3PRIO","CHUVA":"Moderada","RESULTADO":"3448","TEMP_AGUA":"26"},{"DATA":"25\/03\/2026","CONDICAO":"IMPR\u00d3PRIO","CHUVA":"Ausente","RESULTADO":"183","TEMP_AGUA":"26"},{"DATA":"17\/03\/2026","CONDICAO":"IMPR\u00d3PRIO","CHUVA":"Ausente","RESULTADO":"473","TEMP_AGUA":"21"},{"DATA":"10\/03\/2026","CONDICAO":"IMPR\u00d3PRIO","CHUVA":"Moderada","RESULTADO":"1483","TEMP_AGUA":"21"}]},{"CODIGO":"390","MUNICIPIO_COD_IBGE":"4205407","MUNICIPIO":"FLORIAN\u00d3POLIS","PONTO_NOME":"Ponto 96","BALNEARIO":"LAGOA DA CONCEI\u00c7\u00c3O","LOCALIZACAO":"Em frente \u00e0 Rua Orlando Carioni, altura n\u00b094","LATITUDE":"-27.6061668622841","LONGITUDE":"-48.4662798383489","ANALISES":[{"DATA":"28\/04\/2026","CONDICAO":"IMPR\u00d3PRIO","CHUVA":"Ausente","RESULTADO":"9804","TEMP_AGUA":"22"},{"DATA":"31\/03\/2026","CONDICAO":"IMPR\u00d3PRIO","CHUVA":"Moderada","RESULTADO":"2187","TEMP_AGUA":"28"},{"DATA":"25\/03\/2026","CONDICAO":"IMPR\u00d3PRIO","CHUVA":"Ausente","RESULTADO":"865","TEMP_AGUA":"27"},{"DATA":"17\/03\/2026","CONDICAO":"IMPR\u00d3PRIO","CHUVA":"Ausente","RESULTADO":"41","TEMP_AGUA":"28"},{"DATA":"10\/03\/2026","CONDICAO":"IMPR\u00d3PRIO","CHUVA":"Moderada","RESULTADO":"1396","TEMP_AGUA":"25"}]},{"CODIGO":"386","MUNICIPIO_COD_IBGE":"4208450","MUNICIPIO":"ITAPO\u00c1","PONTO_NOME":"Ponto 05","BALNEARIO":"PRAIA DE ITAPO\u00c1","LOCALIZACAO":"Balne\u00e1rio Barra do Sa\u00ed, Avenida Dom Henrique ll, em frente ao miradouro (no Rio)","LATITUDE":"-26.005894714067907","LONGITUDE":"-48.6047963770548","ANALISES":[{"DATA":"28\/04\/2026","CONDICAO":"IMPR\u00d3PRIO","CHUVA":"Ausente","RESULTADO":"135","TEMP_AGUA":"23"},{"DATA":"31\/03\/2026","CONDICAO":"IMPR\u00d3PRIO","CHUVA":"Moderada","RESULTADO":"345","TEMP_AGUA":"26"},{"DATA":"25\/03\/2026","CONDICAO":"IMPR\u00d3PRIO","CHUVA":"Ausente","RESULTADO":"616","TEMP_AGUA":"27"},{"DATA":"17\/03\/2026","CONDICAO":"IMPR\u00d3PRIO","CHUVA":"Ausente","RESULTADO":"960","TEMP_AGUA":"29"},{"DATA":"10\/03\/2026","CONDICAO":"PR\u00d3PRIO","CHUVA":"Fraca","RESULTADO":"1401","TEMP_AGUA":"24"}]},{"CODIGO":"381","MUNICIPIO_COD_IBGE":"4204152","MUNICIPIO":"GOVERNADOR CELSO RAMOS","PONTO_NOME":"Ponto 15","BALNEARIO":"PRAIA DE GANCHOS DE FORA","LOCALIZACAO":"Em frente \u00e0 vala de drenagem da Rua dos Navegantes (no mar)","LATITUDE":"-27.306728366425194","LONGITUDE":"-48.547980560846916","ANALISES":[{"DATA":"28\/04\/2026","CONDICAO":"IMPR\u00d3PRIO","CHUVA":"Ausente","RESULTADO":"2613","TEMP_AGUA":"18"},{"DATA":"31\/03\/2026","CONDICAO":"IMPR\u00d3PRIO","CHUVA":"Moderada","RESULTADO":"3873","TEMP_AGUA":"21"},{"DATA":"24\/03\/2026","CONDICAO":"IMPR\u00d3PRIO","CHUVA":"Ausente","RESULTADO":"1198","TEMP_AGUA":"25"},{"DATA":"17\/03\/2026","CONDICAO":"IMPR\u00d3PRIO","CHUVA":"Ausente","RESULTADO":"884","TEMP_AGUA":"23"},{"DATA":"10\/03\/2026","CONDICAO":"IMPR\u00d3PRIO","CHUVA":"Fraca","RESULTADO":"359","TEMP_AGUA":"23"}]},{"CODIGO":"379","MUNICIPIO_COD_IBGE":"4205407","MUNICIPIO":"FLORIAN\u00d3POLIS","PONTO_NOME":"Ponto 95","BALNEARIO":"PRAIA DA BEIRA MAR NORTE","LOCALIZACAO":"Em frente \u00e0 Rua Altamiro Guimar\u00e3es","LATITUDE":"-27.583803","LONGITUDE":"-48.546939","ANALISES":[{"DATA":"27\/04\/2026","CONDICAO":"IMPR\u00d3PRIO","CHUVA":"Moderada","RESULTADO":"24196","TEMP_AGUA":"25"},{"DATA":"30\/03\/2026","CONDICAO":"IMPR\u00d3PRIO","CHUVA":"Ausente","RESULTADO":"4106","TEMP_AGUA":"27"},{"DATA":"24\/03\/2026","CONDICAO":"IMPR\u00d3PRIO","CHUVA":"Ausente","RESULTADO":"213","TEMP_AGUA":"27"},{"DATA":"16\/03\/2026","CONDICAO":"IMPR\u00d3PRIO","CHUVA":"Ausente","RESULTADO":"1124","TEMP_AGUA":"26"},{"DATA":"09\/03\/2026","CONDICAO":"IMPR\u00d3PRIO","CHUVA":"Moderada","RESULTADO":"3654","TEMP_AGUA":"25"}]},{"CODIGO":"378","MUNICIPIO_COD_IBGE":"4205407","MUNICIPIO":"FLORIAN\u00d3POLIS","PONTO_NOME":"Ponto 94","BALNEARIO":"PRAIA DA BEIRA MAR NORTE","LOCALIZACAO":"Em frente \u00e0 Pra\u00e7a Esteves Junior","LATITUDE":"-27.586608","LONGITUDE":"-48.553898","ANALISES":[{"DATA":"27\/04\/2026","CONDICAO":"IMPR\u00d3PRIO","CHUVA":"Moderada","RESULTADO":"24196","TEMP_AGUA":"25"},{"DATA":"30\/03\/2026","CONDICAO":"IMPR\u00d3PRIO","CHUVA":"Ausente","RESULTADO":"2142","TEMP_AGUA":"27"},{"DATA":"24\/03\/2026","CONDICAO":"IMPR\u00d3PRIO","CHUVA":"Ausente","RESULTADO":"301","TEMP_AGUA":"27"},{"DATA":"16\/03\/2026","CONDICAO":"IMPR\u00d3PRIO","CHUVA":"Ausente","RESULTADO":"1046","TEMP_AGUA":"26"},{"DATA":"09\/03\/2026","CONDICAO":"IMPR\u00d3PRIO","CHUVA":"Moderada","RESULTADO":"5172","TEMP_AGUA":"25"}]},{"CODIGO":"361","MUNICIPIO_COD_IBGE":"4204152","MUNICIPIO":"GOVERNADOR CELSO RAMOS","PONTO_NOME":"Ponto 12","BALNEARIO":"PRAIA DE CANTO DE GANCHOS","LOCALIZACAO":"Na Rua Deodoro Simas Custodio, esquerda do riacho","LATITUDE":"-27.314718","LONGITUDE":"-48.576431","ANALISES":[{"DATA":"28\/04\/2026","CONDICAO":"IMPR\u00d3PRIO","CHUVA":"Ausente","RESULTADO":"6131","TEMP_AGUA":"18"},{"DATA":"31\/03\/2026","CONDICAO":"IMPR\u00d3PRIO","CHUVA":"Moderada","RESULTADO":"1785","TEMP_AGUA":"22"},{"DATA":"24\/03\/2026","CONDICAO":"IMPR\u00d3PRIO","CHUVA":"Ausente","RESULTADO":"63","TEMP_AGUA":"25"},{"DATA":"17\/03\/2026","CONDICAO":"IMPR\u00d3PRIO","CHUVA":"Ausente","RESULTADO":"4884","TEMP_AGUA":"23"},{"DATA":"10\/03\/2026","CONDICAO":"IMPR\u00d3PRIO","CHUVA":"Fraca","RESULTADO":"2142","TEMP_AGUA":"24"}]},{"CODIGO":"360","MUNICIPIO_COD_IBGE":"4204152","MUNICIPIO":"GOVERNADOR CELSO RAMOS","PONTO_NOME":"Ponto 13","BALNEARIO":"PRAIA DE GANCHOS","LOCALIZACAO":"Na Avenida Ganchos, altura n\u00ba1008, \u00e0 direita do trapiche","LATITUDE":"-27.312807","LONGITUDE":"-48.552457","ANALISES":[{"DATA":"28\/04\/2026","CONDICAO":"IMPR\u00d3PRIO","CHUVA":"Ausente","RESULTADO":"345","TEMP_AGUA":"18"},{"DATA":"31\/03\/2026","CONDICAO":"IMPR\u00d3PRIO","CHUVA":"Moderada","RESULTADO":"1785","TEMP_AGUA":"22"},{"DATA":"24\/03\/2026","CONDICAO":"IMPR\u00d3PRIO","CHUVA":"Ausente","RESULTADO":"3448","TEMP_AGUA":"25"},{"DATA":"17\/03\/2026","CONDICAO":"IMPR\u00d3PRIO","CHUVA":"Ausente","RESULTADO":"1850","TEMP_AGUA":"22"},{"DATA":"10\/03\/2026","CONDICAO":"IMPR\u00d3PRIO","CHUVA":"Fraca","RESULTADO":"1153","TEMP_AGUA":"24"}]},{"CODIGO":"356","MUNICIPIO_COD_IBGE":"4205407","MUNICIPIO":"FLORIAN\u00d3POLIS","PONTO_NOME":"Ponto 83","BALNEARIO":"PRAIA DE PONTA DAS CANAS","LOCALIZACAO":"Em frente \u00e0 Rua Alcina Jannis, no canal","LATITUDE":"-27.413658","LONGITUDE":" -48.428132","ANALISES":[{"DATA":"27\/04\/2026","CONDICAO":"IMPR\u00d3PRIO","CHUVA":"Intensa","RESULTADO":"24196","TEMP_AGUA":"23"},{"DATA":"30\/03\/2026","CONDICAO":"IMPR\u00d3PRIO","CHUVA":"Ausente","RESULTADO":"1178","TEMP_AGUA":"27"},{"DATA":"24\/03\/2026","CONDICAO":"PR\u00d3PRIO","CHUVA":"Fraca","RESULTADO":"794","TEMP_AGUA":"25"},{"DATA":"16\/03\/2026","CONDICAO":"IMPR\u00d3PRIO","CHUVA":"Ausente","RESULTADO":"408","TEMP_AGUA":"27"},{"DATA":"09\/03\/2026","CONDICAO":"IMPR\u00d3PRIO","CHUVA":"Intensa","RESULTADO":"1515","TEMP_AGUA":"25"}]},{"CODIGO":"340","MUNICIPIO_COD_IBGE":"4202057","MUNICIPIO":"BALNE\u00c1RIO DA BARRA DO SUL","PONTO_NOME":"Ponto 3","BALNEARIO":"CANAL DO LINGUADO","LOCALIZACAO":"Em frente \u00e0 Rua Otto Fiedler","LATITUDE":"-26.44272","LONGITUDE":"-48.628056","ANALISES":[{"DATA":"28\/04\/2026","CONDICAO":"IMPR\u00d3PRIO","CHUVA":"Ausente","RESULTADO":"1391","TEMP_AGUA":"23"},{"DATA":"31\/03\/2026","CONDICAO":"IMPR\u00d3PRIO","CHUVA":"Moderada","RESULTADO":"3873","TEMP_AGUA":"26"},{"DATA":"25\/03\/2026","CONDICAO":"IMPR\u00d3PRIO","CHUVA":"Ausente","RESULTADO":"171","TEMP_AGUA":"27"},{"DATA":"17\/03\/2026","CONDICAO":"IMPR\u00d3PRIO","CHUVA":"Ausente","RESULTADO":"10","TEMP_AGUA":"25"},{"DATA":"10\/03\/2026","CONDICAO":"IMPR\u00d3PRIO","CHUVA":"Fraca","RESULTADO":"1421","TEMP_AGUA":"25"}]},{"CODIGO":"304","MUNICIPIO_COD_IBGE":"4220000","MUNICIPIO":"BALNE\u00c1RIO RINC\u00c3O","PONTO_NOME":"Ponto 05","BALNEARIO":"PRAIA DO RINC\u00c3O","LOCALIZACAO":"No Arroio da Praia do Rinc\u00e3o","LATITUDE":"-28.829796","LONGITUDE":"-49.224898","ANALISES":[{"DATA":"28\/04\/2026","CONDICAO":"IMPR\u00d3PRIO","CHUVA":"Ausente","RESULTADO":"16000","TEMP_AGUA":"23"},{"DATA":"30\/03\/2026","CONDICAO":"IMPR\u00d3PRIO","CHUVA":"Ausente","RESULTADO":"2400","TEMP_AGUA":"24"},{"DATA":"23\/03\/2026","CONDICAO":"IMPR\u00d3PRIO","CHUVA":"Ausente","RESULTADO":"3000","TEMP_AGUA":"22"},{"DATA":"16\/03\/2026","CONDICAO":"IMPR\u00d3PRIO","CHUVA":"Ausente","RESULTADO":"16000","TEMP_AGUA":"22"},{"DATA":"09\/03\/2026","CONDICAO":"IMPR\u00d3PRIO","CHUVA":"Ausente","RESULTADO":"16000","TEMP_AGUA":"22"}]},{"CODIGO":"338","MUNICIPIO_COD_IBGE":"4205407","MUNICIPIO":"FLORIAN\u00d3POLIS","PONTO_NOME":"Ponto 73","BALNEARIO":"PRAIA DO CAMPECHE","LOCALIZACAO":"No Rio, em frente \u00e0 Servid\u00e3o Fam\u00edlia Nunes","LATITUDE":"-27.6858958889468","LONGITUDE":"-48.48085497937","ANALISES":[{"DATA":"28\/04\/2026","CONDICAO":"IMPR\u00d3PRIO","CHUVA":"Ausente","RESULTADO":"771","TEMP_AGUA":"20"},{"DATA":"31\/03\/2026","CONDICAO":"IMPR\u00d3PRIO","CHUVA":"Moderada","RESULTADO":"1607","TEMP_AGUA":"24"},{"DATA":"25\/03\/2026","CONDICAO":"IMPR\u00d3PRIO","CHUVA":"Ausente","RESULTADO":"3255","TEMP_AGUA":"24"},{"DATA":"17\/03\/2026","CONDICAO":"IMPR\u00d3PRIO","CHUVA":"Ausente","RESULTADO":"12997","TEMP_AGUA":"22"},{"DATA":"10\/03\/2026","CONDICAO":"IMPR\u00d3PRIO","CHUVA":"Moderada","RESULTADO":"2755","TEMP_AGUA":"23"}]},{"CODIGO":"329","MUNICIPIO_COD_IBGE":"4204152","MUNICIPIO":"GOVERNADOR CELSO RAMOS","PONTO_NOME":"Ponto 09","BALNEARIO":"PRAIA DA CAMBOA","LOCALIZACAO":"Na Rua Flamboiam","LATITUDE":"-27.36756831265","LONGITUDE":"-48.5415388963312","ANALISES":[{"DATA":"28\/04\/2026","CONDICAO":"IMPR\u00d3PRIO","CHUVA":"Ausente","RESULTADO":"11199","TEMP_AGUA":"20"},{"DATA":"31\/03\/2026","CONDICAO":"IMPR\u00d3PRIO","CHUVA":"Moderada","RESULTADO":"24196","TEMP_AGUA":"22"},{"DATA":"24\/03\/2026","CONDICAO":"IMPR\u00d3PRIO","CHUVA":"Ausente","RESULTADO":"364","TEMP_AGUA":"24"},{"DATA":"17\/03\/2026","CONDICAO":"IMPR\u00d3PRIO","CHUVA":"Ausente","RESULTADO":"2143","TEMP_AGUA":"25"},{"DATA":"10\/03\/2026","CONDICAO":"IMPR\u00d3PRIO","CHUVA":"Fraca","RESULTADO":"6131","TEMP_AGUA":"24"}]},{"CODIGO":"328","MUNICIPIO_COD_IBGE":"4204152","MUNICIPIO":"GOVERNADOR CELSO RAMOS","PONTO_NOME":"Ponto 08","BALNEARIO":"PRAIA DA FAZENDA DA ARMA\u00c7\u00c3O","LOCALIZACAO":"Na Rua Gerino Belmiro dos Santos - pr\u00f3ximo ao riacho","LATITUDE":"-27.36519175915","LONGITUDE":"-48.551607055127","ANALISES":[{"DATA":"28\/04\/2026","CONDICAO":"IMPR\u00d3PRIO","CHUVA":"Ausente","RESULTADO":"565","TEMP_AGUA":"21"},{"DATA":"31\/03\/2026","CONDICAO":"IMPR\u00d3PRIO","CHUVA":"Moderada","RESULTADO":"717","TEMP_AGUA":"23"},{"DATA":"24\/03\/2026","CONDICAO":"IMPR\u00d3PRIO","CHUVA":"Ausente","RESULTADO":"435","TEMP_AGUA":"25"},{"DATA":"17\/03\/2026","CONDICAO":"IMPR\u00d3PRIO","CHUVA":"Ausente","RESULTADO":"836","TEMP_AGUA":"24"},{"DATA":"10\/03\/2026","CONDICAO":"IMPR\u00d3PRIO","CHUVA":"Fraca","RESULTADO":"6131","TEMP_AGUA":"24"}]},{"CODIGO":"325","MUNICIPIO_COD_IBGE":"4204152","MUNICIPIO":"GOVERNADOR CELSO RAMOS","PONTO_NOME":"Ponto 05","BALNEARIO":"PRAIA DO ANTENOR","LOCALIZACAO":"No canto esquerdo, em frente ao riacho","LATITUDE":"-27.426746432322","LONGITUDE":"-48.5726181435784","ANALISES":[{"DATA":"28\/04\/2026","CONDICAO":"IMPR\u00d3PRIO","CHUVA":"Ausente","RESULTADO":"1182","TEMP_AGUA":"20"},{"DATA":"31\/03\/2026","CONDICAO":"PR\u00d3PRIO","CHUVA":"Moderada","RESULTADO":"107","TEMP_AGUA":"21"},{"DATA":"24\/03\/2026","CONDICAO":"PR\u00d3PRIO","CHUVA":"Ausente","RESULTADO":"63","TEMP_AGUA":"25"},{"DATA":"17\/03\/2026","CONDICAO":"PR\u00d3PRIO","CHUVA":"Ausente","RESULTADO":"121","TEMP_AGUA":"24"},{"DATA":"10\/03\/2026","CONDICAO":"PR\u00d3PRIO","CHUVA":"Fraca","RESULTADO":"1631","TEMP_AGUA":"23"}]},{"CODIGO":"316","MUNICIPIO_COD_IBGE":"4205407","MUNICIPIO":"FLORIAN\u00d3POLIS","PONTO_NOME":"Ponto 69","BALNEARIO":"PRAIA BRAVA","LOCALIZACAO":"No riacho","LATITUDE":"-27.4059159062729","LONGITUDE":"-48.4113937567057","ANALISES":[{"DATA":"27\/04\/2026","CONDICAO":"IMPR\u00d3PRIO","CHUVA":"Intensa","RESULTADO":"24196","TEMP_AGUA":"22"},{"DATA":"30\/03\/2026","CONDICAO":"IMPR\u00d3PRIO","CHUVA":"Ausente","RESULTADO":"1439","TEMP_AGUA":"23"},{"DATA":"24\/03\/2026","CONDICAO":"PR\u00d3PRIO","CHUVA":"Fraca","RESULTADO":"84","TEMP_AGUA":"26"},{"DATA":"16\/03\/2026","CONDICAO":"IMPR\u00d3PRIO","CHUVA":"Ausente","RESULTADO":"262","TEMP_AGUA":"26"},{"DATA":"09\/03\/2026","CONDICAO":"IMPR\u00d3PRIO","CHUVA":"Intensa","RESULTADO":"2495","TEMP_AGUA":"25"}]},{"CODIGO":"315","MUNICIPIO_COD_IBGE":"4202073","MUNICIPIO":"BALNE\u00c1RIO GAIVOTA","PONTO_NOME":"Ponto 02","BALNEARIO":"ARROIO DA PRAIA DAS GAIVOTAS","LOCALIZACAO":"Na foz do arroio, no mar","LATITUDE":"-29.157521","LONGITUDE":"-49.573059","ANALISES":[{"DATA":"28\/04\/2026","CONDICAO":"IMPR\u00d3PRIO","CHUVA":"Ausente","RESULTADO":"300","TEMP_AGUA":"18"},{"DATA":"30\/03\/2026","CONDICAO":"IMPR\u00d3PRIO","CHUVA":"Ausente","RESULTADO":"1300","TEMP_AGUA":"24"},{"DATA":"23\/03\/2026","CONDICAO":"IMPR\u00d3PRIO","CHUVA":"Ausente","RESULTADO":"800","TEMP_AGUA":"25"},{"DATA":"16\/03\/2026","CONDICAO":"IMPR\u00d3PRIO","CHUVA":"Ausente","RESULTADO":"500","TEMP_AGUA":"23"},{"DATA":"09\/03\/2026","CONDICAO":"IMPR\u00d3PRIO","CHUVA":"Ausente","RESULTADO":"900","TEMP_AGUA":"21"}]},{"CODIGO":"313","MUNICIPIO_COD_IBGE":"4201950","MUNICIPIO":"BALNE\u00c1RIO ARROIO DO SILVA","PONTO_NOME":"Ponto 03","BALNEARIO":"PRAIA DO ARROIO DO SILVA","LOCALIZACAO":"Em frente \u00e0 Avenida Mondardo, na foz do Arroio","LATITUDE":"-28.98861306962549","LONGITUDE":"-49.41137002319747","ANALISES":[{"DATA":"28\/04\/2026","CONDICAO":"IMPR\u00d3PRIO","CHUVA":"Ausente","RESULTADO":"9000","TEMP_AGUA":"22"},{"DATA":"30\/03\/2026","CONDICAO":"IMPR\u00d3PRIO","CHUVA":"Ausente","RESULTADO":"9000","TEMP_AGUA":"25"},{"DATA":"23\/03\/2026","CONDICAO":"IMPR\u00d3PRIO","CHUVA":"Ausente","RESULTADO":"16000","TEMP_AGUA":"25"},{"DATA":"16\/03\/2026","CONDICAO":"IMPR\u00d3PRIO","CHUVA":"Ausente","RESULTADO":"16000","TEMP_AGUA":"23"},{"DATA":"09\/03\/2026","CONDICAO":"IMPR\u00d3PRIO","CHUVA":"Ausente","RESULTADO":"16000","TEMP_AGUA":"21"}]},{"CODIGO":"310","MUNICIPIO_COD_IBGE":"4212254","MUNICIPIO":"PASSO DE TORRES","PONTO_NOME":"Ponto 02","BALNEARIO":"BRA\u00c7O MORTO DO RIO MAMPITUBA","LOCALIZACAO":"Rua Beira Rio, pr\u00f3ximo ao n\u00b0304, na ponte","LATITUDE":"-29.325569","LONGITUDE":"-49.716839","ANALISES":[{"DATA":"28\/04\/2026","CONDICAO":"IMPR\u00d3PRIO","CHUVA":"Ausente","RESULTADO":"16000","TEMP_AGUA":"16"},{"DATA":"30\/03\/2026","CONDICAO":"IMPR\u00d3PRIO","CHUVA":"Ausente","RESULTADO":"1700","TEMP_AGUA":"26"},{"DATA":"23\/03\/2026","CONDICAO":"IMPR\u00d3PRIO","CHUVA":"Ausente","RESULTADO":"2200","TEMP_AGUA":"25"},{"DATA":"16\/03\/2026","CONDICAO":"IMPR\u00d3PRIO","CHUVA":"Ausente","RESULTADO":"5000","TEMP_AGUA":"24"},{"DATA":"09\/03\/2026","CONDICAO":"IMPR\u00d3PRIO","CHUVA":"Ausente","RESULTADO":"3000","TEMP_AGUA":"22"}]},{"CODIGO":"188","MUNICIPIO_COD_IBGE":"4202008","MUNICIPIO":"BALNE\u00c1RIO CAMBORI\u00da","PONTO_NOME":"Ponto 09","BALNEARIO":"PRAIA DE TAQUARAS","LOCALIZACAO":"Na Lagoa de Taquaras","LATITUDE":"-27.01109704679605","LONGITUDE":"-48.57857363479878","ANALISES":[{"DATA":"27\/04\/2026","CONDICAO":"IMPR\u00d3PRIO","CHUVA":"Moderada","RESULTADO":"19863","TEMP_AGUA":"23"},{"DATA":"30\/03\/2026","CONDICAO":"IMPR\u00d3PRIO","CHUVA":"Ausente","RESULTADO":"985","TEMP_AGUA":"26"},{"DATA":"24\/03\/2026","CONDICAO":"IMPR\u00d3PRIO","CHUVA":"Fraca","RESULTADO":"17329","TEMP_AGUA":"26"},{"DATA":"16\/03\/2026","CONDICAO":"IMPR\u00d3PRIO","CHUVA":"Ausente","RESULTADO":"1421","TEMP_AGUA":"25"},{"DATA":"09\/03\/2026","CONDICAO":"IMPR\u00d3PRIO","CHUVA":"Moderada","RESULTADO":"4611","TEMP_AGUA":"23"}]},{"CODIGO":"415","MUNICIPIO_COD_IBGE":"4205407","MUNICIPIO":"FLORIAN\u00d3POLIS","PONTO_NOME":"Ponto 98","BALNEARIO":"PRAIA DOS INGLESES","LOCALIZACAO":"Na foz do Rio Capivar\u00ed (no rio)","LATITUDE":"-27.426163","LONGITUDE":"-48.399501","ANALISES":[{"DATA":"27\/04\/2026","CONDICAO":"IMPR\u00d3PRIO","CHUVA":"Intensa","RESULTADO":"24196","TEMP_AGUA":"22"},{"DATA":"30\/03\/2026","CONDICAO":"IMPR\u00d3PRIO","CHUVA":"Ausente","RESULTADO":"1956","TEMP_AGUA":"26"},{"DATA":"24\/03\/2026","CONDICAO":"IMPR\u00d3PRIO","CHUVA":"Fraca","RESULTADO":"1183","TEMP_AGUA":"26"},{"DATA":"16\/03\/2026","CONDICAO":"IMPR\u00d3PRIO","CHUVA":"Ausente","RESULTADO":"4106","TEMP_AGUA":"27"},{"DATA":"09\/03\/2026","CONDICAO":"IMPR\u00d3PRIO","CHUVA":"Intensa","RESULTADO":"24196","TEMP_AGUA":"25"}]},{"CODIGO":"147","MUNICIPIO_COD_IBGE":"4216206","MUNICIPIO":"S\u00c3O FRANCISCO DO SUL","PONTO_NOME":"Ponto 06","BALNEARIO":"PRAIA DOS PAULAS","LOCALIZACAO":"Em frente \u00e0 Pra\u00e7a da Figueira","LATITUDE":"-26.2300966994788","LONGITUDE":"-48.626753210638","ANALISES":[{"DATA":"28\/04\/2026","CONDICAO":"IMPR\u00d3PRIO","CHUVA":"Fraca","RESULTADO":"521","TEMP_AGUA":"23"},{"DATA":"31\/03\/2026","CONDICAO":"IMPR\u00d3PRIO","CHUVA":"Fraca","RESULTADO":"4884","TEMP_AGUA":"22"},{"DATA":"25\/03\/2026","CONDICAO":"IMPR\u00d3PRIO","CHUVA":"Ausente","RESULTADO":"556","TEMP_AGUA":"23"},{"DATA":"17\/03\/2026","CONDICAO":"IMPR\u00d3PRIO","CHUVA":"Ausente","RESULTADO":"4106","TEMP_AGUA":"26"},{"DATA":"10\/03\/2026","CONDICAO":"IMPR\u00d3PRIO","CHUVA":"Fraca","RESULTADO":"556","TEMP_AGUA":"25"}]},{"CODIGO":"158","MUNICIPIO_COD_IBGE":"4212502","MUNICIPIO":"PENHA","PONTO_NOME":"Ponto 02","BALNEARIO":"PRAIA ALEGRE","LOCALIZACAO":"Na Rua Abra\u00e3o Jo\u00e3o Francisco, altura do n\u00b0709","LATITUDE":"-26.77208861870927","LONGITUDE":"-48.65936119863507","ANALISES":[{"DATA":"28\/04\/2026","CONDICAO":"IMPR\u00d3PRIO","CHUVA":"Ausente","RESULTADO":"146","TEMP_AGUA":"24"},{"DATA":"31\/03\/2026","CONDICAO":"IMPR\u00d3PRIO","CHUVA":"Intensa","RESULTADO":"520","TEMP_AGUA":"26"},{"DATA":"25\/03\/2026","CONDICAO":"IMPR\u00d3PRIO","CHUVA":"Ausente","RESULTADO":"6131","TEMP_AGUA":"29"},{"DATA":"17\/03\/2026","CONDICAO":"IMPR\u00d3PRIO","CHUVA":"Ausente","RESULTADO":"2224","TEMP_AGUA":"26"},{"DATA":"10\/03\/2026","CONDICAO":"IMPR\u00d3PRIO","CHUVA":"Moderada","RESULTADO":"1187","TEMP_AGUA":"25"}]},{"CODIGO":"157","MUNICIPIO_COD_IBGE":"4212502","MUNICIPIO":"PENHA","PONTO_NOME":"Ponto 01","BALNEARIO":"PRAIA ALEGRE","LOCALIZACAO":"Em frente \u00e0 Travessa Particular Marcelo dos Santos","LATITUDE":"-26.772311039294166","LONGITUDE":"-48.65425933610359","ANALISES":[{"DATA":"28\/04\/2026","CONDICAO":"IMPR\u00d3PRIO","CHUVA":"Ausente","RESULTADO":"213","TEMP_AGUA":"24"},{"DATA":"31\/03\/2026","CONDICAO":"IMPR\u00d3PRIO","CHUVA":"Intensa","RESULTADO":"504","TEMP_AGUA":"26"},{"DATA":"25\/03\/2026","CONDICAO":"IMPR\u00d3PRIO","CHUVA":"Ausente","RESULTADO":"1956","TEMP_AGUA":"30"},{"DATA":"17\/03\/2026","CONDICAO":"IMPR\u00d3PRIO","CHUVA":"Ausente","RESULTADO":"15531","TEMP_AGUA":"26"},{"DATA":"10\/03\/2026","CONDICAO":"IMPR\u00d3PRIO","CHUVA":"Moderada","RESULTADO":"24196","TEMP_AGUA":"25"}]},{"CODIGO":"160","MUNICIPIO_COD_IBGE":"4212502","MUNICIPIO":"PENHA","PONTO_NOME":"Ponto 04","BALNEARIO":"PRAIA DA ARMA\u00c7\u00c3O DO ITAPOCOR\u00d3I","LOCALIZACAO":"Em frente \u00e0 Rua Blumenau (Praia da Fortaleza)","LATITUDE":"-26.790383","LONGITUDE":"-48.615315","ANALISES":[{"DATA":"28\/04\/2026","CONDICAO":"IMPR\u00d3PRIO","CHUVA":"Ausente","RESULTADO":"670","TEMP_AGUA":"23"},{"DATA":"31\/03\/2026","CONDICAO":"IMPR\u00d3PRIO","CHUVA":"Intensa","RESULTADO":"12033","TEMP_AGUA":"26"},{"DATA":"25\/03\/2026","CONDICAO":"IMPR\u00d3PRIO","CHUVA":"Ausente","RESULTADO":"288","TEMP_AGUA":"30"},{"DATA":"17\/03\/2026","CONDICAO":"IMPR\u00d3PRIO","CHUVA":"Ausente","RESULTADO":"1050","TEMP_AGUA":"27"},{"DATA":"10\/03\/2026","CONDICAO":"IMPR\u00d3PRIO","CHUVA":"Moderada","RESULTADO":"15531","TEMP_AGUA":"24"}]},{"CODIGO":"162","MUNICIPIO_COD_IBGE":"4212502","MUNICIPIO":"PENHA","PONTO_NOME":"Ponto 11","BALNEARIO":"PRAIA DA ARMA\u00c7\u00c3O DO ITAPOCOR\u00d3I","LOCALIZACAO":"Em frente \u00e0 Rua Ant\u00f4nio Costa","LATITUDE":"-26.785445858952346","LONGITUDE":"-48.60333271971861","ANALISES":[{"DATA":"28\/04\/2026","CONDICAO":"IMPR\u00d3PRIO","CHUVA":"Ausente","RESULTADO":"108","TEMP_AGUA":"23"},{"DATA":"31\/03\/2026","CONDICAO":"IMPR\u00d3PRIO","CHUVA":"Intensa","RESULTADO":"1722","TEMP_AGUA":"27"},{"DATA":"25\/03\/2026","CONDICAO":"IMPR\u00d3PRIO","CHUVA":"Ausente","RESULTADO":"20","TEMP_AGUA":"30"},{"DATA":"17\/03\/2026","CONDICAO":"IMPR\u00d3PRIO","CHUVA":"Ausente","RESULTADO":"1670","TEMP_AGUA":"25"},{"DATA":"10\/03\/2026","CONDICAO":"IMPR\u00d3PRIO","CHUVA":"Moderada","RESULTADO":"4352","TEMP_AGUA":"24"}]},{"CODIGO":"153","MUNICIPIO_COD_IBGE":"4202107","MUNICIPIO":"BARRA VELHA","PONTO_NOME":"Ponto 03","BALNEARIO":"PRAIA DA BARRA VELHA","LOCALIZACAO":"Em frente \u00e0 Rua Ant\u00f4nia Higina da Gra\u00e7a Moura","LATITUDE":"-26.63820196729777","LONGITUDE":"-48.6827445033012","ANALISES":[{"DATA":"28\/04\/2026","CONDICAO":"IMPR\u00d3PRIO","CHUVA":"Moderada","RESULTADO":"4884","TEMP_AGUA":"23"},{"DATA":"31\/03\/2026","CONDICAO":"IMPR\u00d3PRIO","CHUVA":"Intensa","RESULTADO":"24196","TEMP_AGUA":"26"},{"DATA":"25\/03\/2026","CONDICAO":"IMPR\u00d3PRIO","CHUVA":"Ausente","RESULTADO":"3448","TEMP_AGUA":"26"},{"DATA":"17\/03\/2026","CONDICAO":"IMPR\u00d3PRIO","CHUVA":"Ausente","RESULTADO":"5794","TEMP_AGUA":"26"},{"DATA":"10\/03\/2026","CONDICAO":"IMPR\u00d3PRIO","CHUVA":"Fraca","RESULTADO":"2603","TEMP_AGUA":"26"}]},{"CODIGO":"152","MUNICIPIO_COD_IBGE":"4202107","MUNICIPIO":"BARRA VELHA","PONTO_NOME":"Ponto 02","BALNEARIO":"PRAIA DA BARRA VELHA","LOCALIZACAO":"Em frente \u00e0 Rua Humberto Pimentel","LATITUDE":"-26.63420904806476","LONGITUDE":"-48.68083682191268","ANALISES":[{"DATA":"28\/04\/2026","CONDICAO":"IMPR\u00d3PRIO","CHUVA":"Moderada","RESULTADO":"3654","TEMP_AGUA":"23"},{"DATA":"31\/03\/2026","CONDICAO":"IMPR\u00d3PRIO","CHUVA":"Intensa","RESULTADO":"24196","TEMP_AGUA":"26"},{"DATA":"25\/03\/2026","CONDICAO":"IMPR\u00d3PRIO","CHUVA":"Ausente","RESULTADO":"1081","TEMP_AGUA":"26"},{"DATA":"17\/03\/2026","CONDICAO":"IMPR\u00d3PRIO","CHUVA":"Ausente","RESULTADO":"1334","TEMP_AGUA":"26"},{"DATA":"10\/03\/2026","CONDICAO":"IMPR\u00d3PRIO","CHUVA":"Fraca","RESULTADO":"464","TEMP_AGUA":"26"}]},{"CODIGO":"167","MUNICIPIO_COD_IBGE":"4212502","MUNICIPIO":"PENHA","PONTO_NOME":"Ponto 10","BALNEARIO":"PRAIA DE S\u00c3O MIGUEL","LOCALIZACAO":"Em frente \u00e0 Rua Arno Becker","LATITUDE":"-26.824755403931803","LONGITUDE":"-48.61456561743151","ANALISES":[{"DATA":"28\/04\/2026","CONDICAO":"IMPR\u00d3PRIO","CHUVA":"Ausente","RESULTADO":"670","TEMP_AGUA":"22"},{"DATA":"31\/03\/2026","CONDICAO":"IMPR\u00d3PRIO","CHUVA":"Intensa","RESULTADO":"14136","TEMP_AGUA":"26"},{"DATA":"25\/03\/2026","CONDICAO":"IMPR\u00d3PRIO","CHUVA":"Ausente","RESULTADO":"3448","TEMP_AGUA":"29"},{"DATA":"17\/03\/2026","CONDICAO":"IMPR\u00d3PRIO","CHUVA":"Ausente","RESULTADO":"132","TEMP_AGUA":"25"},{"DATA":"10\/03\/2026","CONDICAO":"IMPR\u00d3PRIO","CHUVA":"Moderada","RESULTADO":"350","TEMP_AGUA":"24"}]},{"CODIGO":"154","MUNICIPIO_COD_IBGE":"4202107","MUNICIPIO":"BARRA VELHA","PONTO_NOME":"Ponto 05","BALNEARIO":"LAGOA DE BARRA VELHA","LOCALIZACAO":"Na Rua Doutor Pl\u00e1cido Gomes De Oliveira, altura do n\u00ba336","LATITUDE":"-26.63022061263414","LONGITUDE":"-48.68252402776889","ANALISES":[{"DATA":"28\/04\/2026","CONDICAO":"IMPR\u00d3PRIO","CHUVA":"Moderada","RESULTADO":"3130","TEMP_AGUA":"24"},{"DATA":"31\/03\/2026","CONDICAO":"IMPR\u00d3PRIO","CHUVA":"Intensa","RESULTADO":"5794","TEMP_AGUA":"27"},{"DATA":"25\/03\/2026","CONDICAO":"IMPR\u00d3PRIO","CHUVA":"Ausente","RESULTADO":"19863","TEMP_AGUA":"27"},{"DATA":"17\/03\/2026","CONDICAO":"IMPR\u00d3PRIO","CHUVA":"Ausente","RESULTADO":"17329","TEMP_AGUA":"29"},{"DATA":"10\/03\/2026","CONDICAO":"IMPR\u00d3PRIO","CHUVA":"Fraca","RESULTADO":"24196","TEMP_AGUA":"25"}]},{"CODIGO":"169","MUNICIPIO_COD_IBGE":"4211306","MUNICIPIO":"NAVEGANTES","PONTO_NOME":"Ponto 03","BALNEARIO":"PRAIA DE NAVEGANTES","LOCALIZACAO":"Em frente \u00e0 Rua Julia Cardoso do Nascimento","LATITUDE":"-26.83982324323614","LONGITUDE":"-48.630516262055636","ANALISES":[{"DATA":"28\/04\/2026","CONDICAO":"IMPR\u00d3PRIO","CHUVA":"Ausente","RESULTADO":"776","TEMP_AGUA":"22"},{"DATA":"31\/03\/2026","CONDICAO":"IMPR\u00d3PRIO","CHUVA":"Intensa","RESULTADO":"4352","TEMP_AGUA":"25"},{"DATA":"25\/03\/2026","CONDICAO":"PR\u00d3PRIO","CHUVA":"Ausente","RESULTADO":"1529","TEMP_AGUA":"27"},{"DATA":"17\/03\/2026","CONDICAO":"PR\u00d3PRIO","CHUVA":"Ausente","RESULTADO":"63","TEMP_AGUA":"26"},{"DATA":"10\/03\/2026","CONDICAO":"PR\u00d3PRIO","CHUVA":"Moderada","RESULTADO":"189","TEMP_AGUA":"22"}]},{"CODIGO":"174","MUNICIPIO_COD_IBGE":"4208203","MUNICIPIO":"ITAJA\u00cd","PONTO_NOME":"Ponto 04","BALNEARIO":"PRAIA BRAVA","LOCALIZACAO":"Ao final da Avenida Jos\u00e9 Medeiros Vi\u00eaira, pr\u00f3ximo ao Posto de Salva Vidas","LATITUDE":"-26.9405717209252","LONGITUDE":"-48.62771754130","ANALISES":[{"DATA":"28\/04\/2026","CONDICAO":"IMPR\u00d3PRIO","CHUVA":"Ausente","RESULTADO":"31","TEMP_AGUA":"21"},{"DATA":"31\/03\/2026","CONDICAO":"IMPR\u00d3PRIO","CHUVA":"Intensa","RESULTADO":"24196","TEMP_AGUA":"26"},{"DATA":"25\/03\/2026","CONDICAO":"IMPR\u00d3PRIO","CHUVA":"Ausente","RESULTADO":"259","TEMP_AGUA":"26"},{"DATA":"17\/03\/2026","CONDICAO":"IMPR\u00d3PRIO","CHUVA":"Ausente","RESULTADO":"20","TEMP_AGUA":"26"},{"DATA":"10\/03\/2026","CONDICAO":"IMPR\u00d3PRIO","CHUVA":"Moderada","RESULTADO":"6131","TEMP_AGUA":"24"}]},{"CODIGO":"170","MUNICIPIO_COD_IBGE":"4211306","MUNICIPIO":"NAVEGANTES","PONTO_NOME":"Ponto 04","BALNEARIO":"PRAIA DE NAVEGANTES","LOCALIZACAO":"Na foz do Rio Gravat\u00e1","LATITUDE":"-26.826290684555033","LONGITUDE":"-48.62213763800459","ANALISES":[{"DATA":"28\/04\/2026","CONDICAO":"IMPR\u00d3PRIO","CHUVA":"Ausente","RESULTADO":"645","TEMP_AGUA":"22"},{"DATA":"31\/03\/2026","CONDICAO":"IMPR\u00d3PRIO","CHUVA":"Intensa","RESULTADO":"5172","TEMP_AGUA":"26"},{"DATA":"25\/03\/2026","CONDICAO":"IMPR\u00d3PRIO","CHUVA":"Ausente","RESULTADO":"2489","TEMP_AGUA":"28"},{"DATA":"17\/03\/2026","CONDICAO":"IMPR\u00d3PRIO","CHUVA":"Ausente","RESULTADO":"1243","TEMP_AGUA":"26"},{"DATA":"10\/03\/2026","CONDICAO":"PR\u00d3PRIO","CHUVA":"Moderada","RESULTADO":"336","TEMP_AGUA":"23"}]},{"CODIGO":"161","MUNICIPIO_COD_IBGE":"4212502","MUNICIPIO":"PENHA","PONTO_NOME":"Ponto 05","BALNEARIO":"PRAIA DA ARMA\u00c7\u00c3O DO ITAPOCOR\u00d3I","LOCALIZACAO":"Em frente \u00e0 Rua Maria Em\u00edlia Costa","LATITUDE":"-26.788504107485668","LONGITUDE":"-48.605410168309525","ANALISES":[{"DATA":"28\/04\/2026","CONDICAO":"IMPR\u00d3PRIO","CHUVA":"Ausente","RESULTADO":"5794","TEMP_AGUA":"23"},{"DATA":"31\/03\/2026","CONDICAO":"IMPR\u00d3PRIO","CHUVA":"Intensa","RESULTADO":"19863","TEMP_AGUA":"27"},{"DATA":"25\/03\/2026","CONDICAO":"IMPR\u00d3PRIO","CHUVA":"Ausente","RESULTADO":"1081","TEMP_AGUA":"29"},{"DATA":"17\/03\/2026","CONDICAO":"IMPR\u00d3PRIO","CHUVA":"Ausente","RESULTADO":"2987","TEMP_AGUA":"25"},{"DATA":"10\/03\/2026","CONDICAO":"IMPR\u00d3PRIO","CHUVA":"Moderada","RESULTADO":"24196","TEMP_AGUA":"24"}]},{"CODIGO":"171","MUNICIPIO_COD_IBGE":"4208203","MUNICIPIO":"ITAJA\u00cd","PONTO_NOME":"Ponto 01","BALNEARIO":"PRAIA DE CABE\u00c7UDAS","LOCALIZACAO":"Em frente \u00e0 Rua Quintino Bocai\u00fava","LATITUDE":"-26.927564876419","LONGITUDE":"-48.632902803689","ANALISES":[{"DATA":"28\/04\/2026","CONDICAO":"IMPR\u00d3PRIO","CHUVA":"Ausente","RESULTADO":"10","TEMP_AGUA":"21"},{"DATA":"31\/03\/2026","CONDICAO":"IMPR\u00d3PRIO","CHUVA":"Intensa","RESULTADO":"1860","TEMP_AGUA":"25"},{"DATA":"25\/03\/2026","CONDICAO":"PR\u00d3PRIO","CHUVA":"Ausente","RESULTADO":"435","TEMP_AGUA":"27"},{"DATA":"17\/03\/2026","CONDICAO":"PR\u00d3PRIO","CHUVA":"Ausente","RESULTADO":"987","TEMP_AGUA":"25"},{"DATA":"10\/03\/2026","CONDICAO":"PR\u00d3PRIO","CHUVA":"Moderada","RESULTADO":"31","TEMP_AGUA":"23"}]},{"CODIGO":"148","MUNICIPIO_COD_IBGE":"4216206","MUNICIPIO":"S\u00c3O FRANCISCO DO SUL","PONTO_NOME":"Ponto 07","BALNEARIO":"PRAIA DOS PAULAS","LOCALIZACAO":"Em frente \u00e0 Pra\u00e7a do Ingl\u00eas","LATITUDE":"-26.231170935999","LONGITUDE":"-48.629503234960","ANALISES":[{"DATA":"28\/04\/2026","CONDICAO":"PR\u00d3PRIO","CHUVA":"Fraca","RESULTADO":"323","TEMP_AGUA":"23"},{"DATA":"31\/03\/2026","CONDICAO":"IMPR\u00d3PRIO","CHUVA":"Fraca","RESULTADO":"24196","TEMP_AGUA":"23"},{"DATA":"25\/03\/2026","CONDICAO":"PR\u00d3PRIO","CHUVA":"Ausente","RESULTADO":"181","TEMP_AGUA":"23"},{"DATA":"17\/03\/2026","CONDICAO":"PR\u00d3PRIO","CHUVA":"Ausente","RESULTADO":"246","TEMP_AGUA":"26"},{"DATA":"10\/03\/2026","CONDICAO":"PR\u00d3PRIO","CHUVA":"Fraca","RESULTADO":"134","TEMP_AGUA":"25"}]},{"CODIGO":"337","MUNICIPIO_COD_IBGE":"4205407","MUNICIPIO":"FLORIAN\u00d3POLIS","PONTO_NOME":"Ponto 72","BALNEARIO":"LAGOA DA CONCEI\u00c7\u00c3O","LOCALIZACAO":"Em frente \u00e0 Rua Canto da Amizade","LATITUDE":"-27.6259285944620","LONGITUDE":"-48.4767697195375","ANALISES":[{"DATA":"28\/04\/2026","CONDICAO":"PR\u00d3PRIO","CHUVA":"Ausente","RESULTADO":"96","TEMP_AGUA":"22"},{"DATA":"31\/03\/2026","CONDICAO":"PR\u00d3PRIO","CHUVA":"Moderada","RESULTADO":"52","TEMP_AGUA":"28"},{"DATA":"25\/03\/2026","CONDICAO":"PR\u00d3PRIO","CHUVA":"Ausente","RESULTADO":"146","TEMP_AGUA":"27"},{"DATA":"17\/03\/2026","CONDICAO":"PR\u00d3PRIO","CHUVA":"Ausente","RESULTADO":"359","TEMP_AGUA":"28"},{"DATA":"10\/03\/2026","CONDICAO":"PR\u00d3PRIO","CHUVA":"Moderada","RESULTADO":"1616","TEMP_AGUA":"25"}]},{"CODIGO":"180","MUNICIPIO_COD_IBGE":"4202008","MUNICIPIO":"BALNE\u00c1RIO CAMBORI\u00da","PONTO_NOME":"Ponto 10","BALNEARIO":"PRAIA DO BALN. CAMBORI\u00da","LOCALIZACAO":"Em frente \u00e0 Rua n\u00b04000","LATITUDE":"-27.003583501805622","LONGITUDE":"-48.61684533206998","ANALISES":[{"DATA":"27\/04\/2026","CONDICAO":"PR\u00d3PRIO","CHUVA":"Moderada","RESULTADO":"197","TEMP_AGUA":"23"},{"DATA":"22\/04\/2026","CONDICAO":"PR\u00d3PRIO","CHUVA":"Ausente","RESULTADO":"134","TEMP_AGUA":"24"},{"DATA":"13\/04\/2026","CONDICAO":"PR\u00d3PRIO","CHUVA":"Fraca","RESULTADO":"62","TEMP_AGUA":"23"},{"DATA":"06\/04\/2026","CONDICAO":"PR\u00d3PRIO","CHUVA":"Intensa","RESULTADO":"20","TEMP_AGUA":"25"},{"DATA":"30\/03\/2026","CONDICAO":"PR\u00d3PRIO","CHUVA":"Ausente","RESULTADO":"110","TEMP_AGUA":"26"}]},{"CODIGO":"344","MUNICIPIO_COD_IBGE":"4205407","MUNICIPIO":"FLORIAN\u00d3POLIS","PONTO_NOME":"Ponto 74","BALNEARIO":"LAGOA DO PERI","LOCALIZACAO":"Na Lagoa do Peri, em frente \u00e0 sede do Parque","LATITUDE":"-27.725931","LONGITUDE":"-48.50937","ANALISES":[{"DATA":"28\/04\/2026","CONDICAO":"PR\u00d3PRIO","CHUVA":"Ausente","RESULTADO":"74","TEMP_AGUA":"20"},{"DATA":"31\/03\/2026","CONDICAO":"PR\u00d3PRIO","CHUVA":"Moderada","RESULTADO":"10","TEMP_AGUA":"26"},{"DATA":"25\/03\/2026","CONDICAO":"PR\u00d3PRIO","CHUVA":"Ausente","RESULTADO":"10","TEMP_AGUA":"24"},{"DATA":"17\/03\/2026","CONDICAO":"PR\u00d3PRIO","CHUVA":"Ausente","RESULTADO":"31","TEMP_AGUA":"25"},{"DATA":"10\/03\/2026","CONDICAO":"PR\u00d3PRIO","CHUVA":"Moderada","RESULTADO":"10","TEMP_AGUA":"24"}]},{"CODIGO":"342","MUNICIPIO_COD_IBGE":"4205704","MUNICIPIO":"GAROPABA","PONTO_NOME":"Ponto 4","BALNEARIO":"LAGOA DA FERRUGEM","LOCALIZACAO":"Estrada Geral da Ferrugem, \u00e0 direita do acesso principal","LATITUDE":"-28.082294","LONGITUDE":"-48.632677","ANALISES":[{"DATA":"28\/04\/2026","CONDICAO":"PR\u00d3PRIO","CHUVA":"Ausente","RESULTADO":"132","TEMP_AGUA":"21"},{"DATA":"31\/03\/2026","CONDICAO":"PR\u00d3PRIO","CHUVA":"Moderada","RESULTADO":"627","TEMP_AGUA":"23"},{"DATA":"24\/03\/2026","CONDICAO":"PR\u00d3PRIO","CHUVA":"Fraca","RESULTADO":"84","TEMP_AGUA":"23"},{"DATA":"17\/03\/2026","CONDICAO":"PR\u00d3PRIO","CHUVA":"Ausente","RESULTADO":"134","TEMP_AGUA":"24"},{"DATA":"10\/03\/2026","CONDICAO":"PR\u00d3PRIO","CHUVA":"Moderada","RESULTADO":"98","TEMP_AGUA":"21"}]},{"CODIGO":"330","MUNICIPIO_COD_IBGE":"4204152","MUNICIPIO":"GOVERNADOR CELSO RAMOS","PONTO_NOME":"Ponto 10","BALNEARIO":"PRAIA GRANDE","LOCALIZACAO":"Na Avenida Caravelas","LATITUDE":"-27.3645634503751","LONGITUDE":"-48.534884504671","ANALISES":[{"DATA":"28\/04\/2026","CONDICAO":"PR\u00d3PRIO","CHUVA":"Ausente","RESULTADO":"20","TEMP_AGUA":"19"},{"DATA":"31\/03\/2026","CONDICAO":"PR\u00d3PRIO","CHUVA":"Moderada","RESULTADO":"10","TEMP_AGUA":"24"},{"DATA":"24\/03\/2026","CONDICAO":"PR\u00d3PRIO","CHUVA":"Ausente","RESULTADO":"10","TEMP_AGUA":"24"},{"DATA":"17\/03\/2026","CONDICAO":"PR\u00d3PRIO","CHUVA":"Ausente","RESULTADO":"122","TEMP_AGUA":"25"},{"DATA":"10\/03\/2026","CONDICAO":"PR\u00d3PRIO","CHUVA":"Fraca","RESULTADO":"52","TEMP_AGUA":"23"}]},{"CODIGO":"345","MUNICIPIO_COD_IBGE":"4211306","MUNICIPIO":"NAVEGANTES","PONTO_NOME":"Ponto 05","BALNEARIO":"PRAIA DE NAVEGANTES","LOCALIZACAO":"Em frente \u00e0 Avenida Jo\u00e3o Sacavem","LATITUDE":"-26.902401","LONGITUDE":"-48.642888","ANALISES":[{"DATA":"28\/04\/2026","CONDICAO":"PR\u00d3PRIO","CHUVA":"Ausente","RESULTADO":"122","TEMP_AGUA":"22"},{"DATA":"31\/03\/2026","CONDICAO":"PR\u00d3PRIO","CHUVA":"Intensa","RESULTADO":"158","TEMP_AGUA":"26"},{"DATA":"25\/03\/2026","CONDICAO":"PR\u00d3PRIO","CHUVA":"Ausente","RESULTADO":"309","TEMP_AGUA":"28"},{"DATA":"17\/03\/2026","CONDICAO":"PR\u00d3PRIO","CHUVA":"Ausente","RESULTADO":"538","TEMP_AGUA":"26"},{"DATA":"10\/03\/2026","CONDICAO":"PR\u00d3PRIO","CHUVA":"Moderada","RESULTADO":"591","TEMP_AGUA":"23"}]},{"CODIGO":"146","MUNICIPIO_COD_IBGE":"4216206","MUNICIPIO":"S\u00c3O FRANCISCO DO SUL","PONTO_NOME":"Ponto 05","BALNEARIO":"PRAIA DO CAPRI","LOCALIZACAO":"Em frente \u00e0 Rua Inglaterra, ap\u00f3s \u00e0 passarela (no mar)","LATITUDE":"-26.186211656396192","LONGITUDE":"-48.572119112464165","ANALISES":[{"DATA":"28\/04\/2026","CONDICAO":"PR\u00d3PRIO","CHUVA":"Fraca","RESULTADO":"52","TEMP_AGUA":"23"},{"DATA":"31\/03\/2026","CONDICAO":"PR\u00d3PRIO","CHUVA":"Fraca","RESULTADO":"75","TEMP_AGUA":"23"},{"DATA":"25\/03\/2026","CONDICAO":"PR\u00d3PRIO","CHUVA":"Ausente","RESULTADO":"10","TEMP_AGUA":"23"},{"DATA":"17\/03\/2026","CONDICAO":"PR\u00d3PRIO","CHUVA":"Ausente","RESULTADO":"160","TEMP_AGUA":"26"},{"DATA":"10\/03\/2026","CONDICAO":"PR\u00d3PRIO","CHUVA":"Fraca","RESULTADO":"30","TEMP_AGUA":"25"}]},{"CODIGO":"348","MUNICIPIO_COD_IBGE":"4205407","MUNICIPIO":"FLORIAN\u00d3POLIS","PONTO_NOME":"PONTO 75","BALNEARIO":"PRAIA DO CAMPECHE","LOCALIZACAO":"100 metros \u00e0 direita do Rio (no mar)","LATITUDE":"-27.687002","LONGITUDE":"-48.4801459","ANALISES":[{"DATA":"28\/04\/2026","CONDICAO":"PR\u00d3PRIO","CHUVA":"Ausente","RESULTADO":"10","TEMP_AGUA":"22"},{"DATA":"31\/03\/2026","CONDICAO":"PR\u00d3PRIO","CHUVA":"Moderada","RESULTADO":"20","TEMP_AGUA":"22"},{"DATA":"25\/03\/2026","CONDICAO":"PR\u00d3PRIO","CHUVA":"Ausente","RESULTADO":"20","TEMP_AGUA":"21"},{"DATA":"17\/03\/2026","CONDICAO":"PR\u00d3PRIO","CHUVA":"Ausente","RESULTADO":"31","TEMP_AGUA":"20"},{"DATA":"10\/03\/2026","CONDICAO":"PR\u00d3PRIO","CHUVA":"Moderada","RESULTADO":"10","TEMP_AGUA":"23"}]},{"CODIGO":"349","MUNICIPIO_COD_IBGE":"4205407","MUNICIPIO":"FLORIAN\u00d3POLIS","PONTO_NOME":"Ponto 76","BALNEARIO":"PRAIA DE JURERE","LOCALIZACAO":"Final da Avenida dos Buzios, em frente \u00e0 rotatoria","LATITUDE":"-27.432235","LONGITUDE":"-48.5136214","ANALISES":[{"DATA":"27\/04\/2026","CONDICAO":"PR\u00d3PRIO","CHUVA":"Intensa","RESULTADO":"41","TEMP_AGUA":"25"},{"DATA":"30\/03\/2026","CONDICAO":"PR\u00d3PRIO","CHUVA":"Ausente","RESULTADO":"41","TEMP_AGUA":"27"},{"DATA":"24\/03\/2026","CONDICAO":"PR\u00d3PRIO","CHUVA":"Fraca","RESULTADO":"52","TEMP_AGUA":"27"},{"DATA":"16\/03\/2026","CONDICAO":"PR\u00d3PRIO","CHUVA":"Ausente","RESULTADO":"275","TEMP_AGUA":"27"},{"DATA":"09\/03\/2026","CONDICAO":"PR\u00d3PRIO","CHUVA":"Intensa","RESULTADO":"31","TEMP_AGUA":"25"}]},{"CODIGO":"350","MUNICIPIO_COD_IBGE":"4205407","MUNICIPIO":"FLORIAN\u00d3POLIS","PONTO_NOME":"Ponto 77","BALNEARIO":"PRAIA DOS INGLESES","LOCALIZACAO":"Em frente \u00e0 Rua Morro das Feiticeiras, no canto esquerdo ","LATITUDE":"-27.420063","LONGITUDE":"-48.4023213","ANALISES":[{"DATA":"27\/04\/2026","CONDICAO":"PR\u00d3PRIO","CHUVA":"Intensa","RESULTADO":"223","TEMP_AGUA":"22"},{"DATA":"30\/03\/2026","CONDICAO":"PR\u00d3PRIO","CHUVA":"Ausente","RESULTADO":"426","TEMP_AGUA":"24"},{"DATA":"24\/03\/2026","CONDICAO":"PR\u00d3PRIO","CHUVA":"Fraca","RESULTADO":"10","TEMP_AGUA":"24"},{"DATA":"16\/03\/2026","CONDICAO":"PR\u00d3PRIO","CHUVA":"Ausente","RESULTADO":"10","TEMP_AGUA":"26"},{"DATA":"09\/03\/2026","CONDICAO":"PR\u00d3PRIO","CHUVA":"Intensa","RESULTADO":"420","TEMP_AGUA":"25"}]},{"CODIGO":"351","MUNICIPIO_COD_IBGE":"4205407","MUNICIPIO":"FLORIAN\u00d3POLIS","PONTO_NOME":"Ponto 78","BALNEARIO":"PRAIA DOS INGLESES","LOCALIZACAO":"Estrada Dom Jo\u00e3o Becker, em frente ao n\u00b0305 B (tubula\u00e7\u00e3o, a esquerda do ponto 28)","LATITUDE":"-27.435549","LONGITUDE":" -48.390789","ANALISES":[{"DATA":"27\/04\/2026","CONDICAO":"PR\u00d3PRIO","CHUVA":"Intensa","RESULTADO":"63","TEMP_AGUA":"22"},{"DATA":"30\/03\/2026","CONDICAO":"PR\u00d3PRIO","CHUVA":"Ausente","RESULTADO":"160","TEMP_AGUA":"24"},{"DATA":"24\/03\/2026","CONDICAO":"PR\u00d3PRIO","CHUVA":"Fraca","RESULTADO":"63","TEMP_AGUA":"24"},{"DATA":"16\/03\/2026","CONDICAO":"PR\u00d3PRIO","CHUVA":"Ausente","RESULTADO":"41","TEMP_AGUA":"25"},{"DATA":"09\/03\/2026","CONDICAO":"PR\u00d3PRIO","CHUVA":"Intensa","RESULTADO":"199","TEMP_AGUA":"24"}]},{"CODIGO":"352","MUNICIPIO_COD_IBGE":"4205407","MUNICIPIO":"FLORIAN\u00d3POLIS","PONTO_NOME":"Ponto 79","BALNEARIO":"PRAIA BRAVA","LOCALIZACAO":"Em frente \u00e0 rotatoria, no in\u00edcio da Avenida Traugott Wildi","LATITUDE":"-27.393086","LONGITUDE":" -48.414084","ANALISES":[{"DATA":"27\/04\/2026","CONDICAO":"PR\u00d3PRIO","CHUVA":"Intensa","RESULTADO":"20","TEMP_AGUA":"23"},{"DATA":"30\/03\/2026","CONDICAO":"PR\u00d3PRIO","CHUVA":"Ausente","RESULTADO":"10","TEMP_AGUA":"23"},{"DATA":"24\/03\/2026","CONDICAO":"PR\u00d3PRIO","CHUVA":"Fraca","RESULTADO":"144","TEMP_AGUA":"25"},{"DATA":"16\/03\/2026","CONDICAO":"PR\u00d3PRIO","CHUVA":"Ausente","RESULTADO":"10","TEMP_AGUA":"25"},{"DATA":"09\/03\/2026","CONDICAO":"PR\u00d3PRIO","CHUVA":"Intensa","RESULTADO":"30","TEMP_AGUA":"25"}]},{"CODIGO":"353","MUNICIPIO_COD_IBGE":"4205407","MUNICIPIO":"FLORIAN\u00d3POLIS","PONTO_NOME":"Ponto 80","BALNEARIO":"PRAIA DA CACHOEIRA DO BOM JESUS","LOCALIZACAO":"Em frente \u00e0 Rua Deputado Otac\u00edlio Costa","LATITUDE":"-27.423563","LONGITUDE":" -48.442027","ANALISES":[{"DATA":"27\/04\/2026","CONDICAO":"PR\u00d3PRIO","CHUVA":"Intensa","RESULTADO":"771","TEMP_AGUA":"23"},{"DATA":"30\/03\/2026","CONDICAO":"PR\u00d3PRIO","CHUVA":"Ausente","RESULTADO":"74","TEMP_AGUA":"27"},{"DATA":"24\/03\/2026","CONDICAO":"PR\u00d3PRIO","CHUVA":"Fraca","RESULTADO":"41","TEMP_AGUA":"27"},{"DATA":"16\/03\/2026","CONDICAO":"PR\u00d3PRIO","CHUVA":"Ausente","RESULTADO":"161","TEMP_AGUA":"27"},{"DATA":"09\/03\/2026","CONDICAO":"PR\u00d3PRIO","CHUVA":"Intensa","RESULTADO":"52","TEMP_AGUA":"25"}]},{"CODIGO":"354","MUNICIPIO_COD_IBGE":"4205407","MUNICIPIO":"FLORIAN\u00d3POLIS","PONTO_NOME":"Ponto 81","BALNEARIO":"PRAIA DE CANASVIEIRAS","LOCALIZACAO":"Em frente \u00e0 Rua Afonso Cardoso da Veiga","LATITUDE":"-27.426632","LONGITUDE":" -48.455070","ANALISES":[{"DATA":"27\/04\/2026","CONDICAO":"PR\u00d3PRIO","CHUVA":"Intensa","RESULTADO":"10","TEMP_AGUA":"24"},{"DATA":"30\/03\/2026","CONDICAO":"PR\u00d3PRIO","CHUVA":"Ausente","RESULTADO":"20","TEMP_AGUA":"27"},{"DATA":"24\/03\/2026","CONDICAO":"PR\u00d3PRIO","CHUVA":"Fraca","RESULTADO":"30","TEMP_AGUA":"27"},{"DATA":"16\/03\/2026","CONDICAO":"PR\u00d3PRIO","CHUVA":"Ausente","RESULTADO":"86","TEMP_AGUA":"27"},{"DATA":"09\/03\/2026","CONDICAO":"PR\u00d3PRIO","CHUVA":"Intensa","RESULTADO":"31","TEMP_AGUA":"25"}]},{"CODIGO":"355","MUNICIPIO_COD_IBGE":"4205407","MUNICIPIO":"FLORIAN\u00d3POLIS","PONTO_NOME":"Ponto 82","BALNEARIO":"PRAIA DE CANASVIEIRAS","LOCALIZACAO":"Em frente \u00e0 Rua Jos\u00e9 Daux","LATITUDE":"-27.426920","LONGITUDE":" -48.461534","ANALISES":[{"DATA":"27\/04\/2026","CONDICAO":"PR\u00d3PRIO","CHUVA":"Intensa","RESULTADO":"262","TEMP_AGUA":"24"},{"DATA":"30\/03\/2026","CONDICAO":"PR\u00d3PRIO","CHUVA":"Ausente","RESULTADO":"148","TEMP_AGUA":"27"},{"DATA":"24\/03\/2026","CONDICAO":"PR\u00d3PRIO","CHUVA":"Fraca","RESULTADO":"109","TEMP_AGUA":"27"},{"DATA":"16\/03\/2026","CONDICAO":"PR\u00d3PRIO","CHUVA":"Ausente","RESULTADO":"637","TEMP_AGUA":"27"},{"DATA":"09\/03\/2026","CONDICAO":"PR\u00d3PRIO","CHUVA":"Intensa","RESULTADO":"75","TEMP_AGUA":"25"}]},{"CODIGO":"331","MUNICIPIO_COD_IBGE":"4204152","MUNICIPIO":"GOVERNADOR CELSO RAMOS","PONTO_NOME":"Ponto 11","BALNEARIO":"PRAIA DE PALMAS","LOCALIZACAO":"Em frente a Rua 51, esquerda Alameda das Laranjeiras, pr\u00f3ximo ao Posto de Salva Vidas","LATITUDE":"-27.3343682394682","LONGITUDE":"-48.531632986608","ANALISES":[{"DATA":"28\/04\/2026","CONDICAO":"PR\u00d3PRIO","CHUVA":"Ausente","RESULTADO":"121","TEMP_AGUA":"20"},{"DATA":"31\/03\/2026","CONDICAO":"PR\u00d3PRIO","CHUVA":"Moderada","RESULTADO":"97","TEMP_AGUA":"22"},{"DATA":"24\/03\/2026","CONDICAO":"PR\u00d3PRIO","CHUVA":"Ausente","RESULTADO":"63","TEMP_AGUA":"25"},{"DATA":"17\/03\/2026","CONDICAO":"PR\u00d3PRIO","CHUVA":"Ausente","RESULTADO":"97","TEMP_AGUA":"25"},{"DATA":"10\/03\/2026","CONDICAO":"IMPR\u00d3PRIO","CHUVA":"Fraca","RESULTADO":"173","TEMP_AGUA":"24"}]},{"CODIGO":"326","MUNICIPIO_COD_IBGE":"4204152","MUNICIPIO":"GOVERNADOR CELSO RAMOS","PONTO_NOME":"Ponto 06","BALNEARIO":"PRAIA DO MAGALH\u00c3ES","LOCALIZACAO":"Na Rua Beija Flor, em frente \u00e0 rampa","LATITUDE":"-27.402447663146","LONGITUDE":"-48.562341862298","ANALISES":[{"DATA":"28\/04\/2026","CONDICAO":"PR\u00d3PRIO","CHUVA":"Ausente","RESULTADO":"52","TEMP_AGUA":"20"},{"DATA":"31\/03\/2026","CONDICAO":"PR\u00d3PRIO","CHUVA":"Moderada","RESULTADO":"52","TEMP_AGUA":"23"},{"DATA":"24\/03\/2026","CONDICAO":"PR\u00d3PRIO","CHUVA":"Ausente","RESULTADO":"41","TEMP_AGUA":"25"},{"DATA":"17\/03\/2026","CONDICAO":"PR\u00d3PRIO","CHUVA":"Ausente","RESULTADO":"131","TEMP_AGUA":"24"},{"DATA":"10\/03\/2026","CONDICAO":"PR\u00d3PRIO","CHUVA":"Fraca","RESULTADO":"75","TEMP_AGUA":"24"}]},{"CODIGO":"149","MUNICIPIO_COD_IBGE":"4202057","MUNICIPIO":"BALNE\u00c1RIO DA BARRA DO SUL","PONTO_NOME":"Ponto 01","BALNEARIO":"PRAIA DA BARRA DO SUL","LOCALIZACAO":"Na Praia do Bispo, em frente \u00e0 Capela Dos Navegantes","LATITUDE":"-26.469155226388","LONGITUDE":"-48.608029709939","ANALISES":[{"DATA":"28\/04\/2026","CONDICAO":"PR\u00d3PRIO","CHUVA":"Ausente","RESULTADO":"20","TEMP_AGUA":"23"},{"DATA":"31\/03\/2026","CONDICAO":"PR\u00d3PRIO","CHUVA":"Moderada","RESULTADO":"10","TEMP_AGUA":"26"},{"DATA":"25\/03\/2026","CONDICAO":"PR\u00d3PRIO","CHUVA":"Ausente","RESULTADO":"10","TEMP_AGUA":"27"},{"DATA":"17\/03\/2026","CONDICAO":"IMPR\u00d3PRIO","CHUVA":"Ausente","RESULTADO":"19863","TEMP_AGUA":"25"},{"DATA":"10\/03\/2026","CONDICAO":"PR\u00d3PRIO","CHUVA":"Fraca","RESULTADO":"10","TEMP_AGUA":"25"}]},{"CODIGO":"308","MUNICIPIO_COD_IBGE":"4201406","MUNICIPIO":"ARARANGU\u00c1","PONTO_NOME":"Ponto 01","BALNEARIO":"PRAIA DO MORRO DOS CONVENTOS","LOCALIZACAO":"Em frente ao posto de Salva Vidas Central","LATITUDE":"-28.94379548061612","LONGITUDE":"-49.36214325002222","ANALISES":[{"DATA":"28\/04\/2026","CONDICAO":"PR\u00d3PRIO","CHUVA":"Ausente","RESULTADO":"230","TEMP_AGUA":"20"},{"DATA":"30\/03\/2026","CONDICAO":"PR\u00d3PRIO","CHUVA":"Ausente","RESULTADO":"230","TEMP_AGUA":"24"},{"DATA":"23\/03\/2026","CONDICAO":"PR\u00d3PRIO","CHUVA":"Ausente","RESULTADO":"230","TEMP_AGUA":"22"},{"DATA":"16\/03\/2026","CONDICAO":"PR\u00d3PRIO","CHUVA":"Ausente","RESULTADO":"230","TEMP_AGUA":"23"},{"DATA":"09\/03\/2026","CONDICAO":"PR\u00d3PRIO","CHUVA":"Ausente","RESULTADO":"230","TEMP_AGUA":"21"}]},{"CODIGO":"298","MUNICIPIO_COD_IBGE":"4208807","MUNICIPIO":"JAGUARUNA","PONTO_NOME":"Ponto 02","BALNEARIO":"LAGOA DO ARROIO CORRENTE","LOCALIZACAO":"Na entrada de \u00e1gua do Chuveir\u00e3o","LATITUDE":"-28.692049","LONGITUDE":"-49.018813","ANALISES":[{"DATA":"28\/04\/2026","CONDICAO":"PR\u00d3PRIO","CHUVA":"Ausente","RESULTADO":"41","TEMP_AGUA":"21"},{"DATA":"31\/03\/2026","CONDICAO":"PR\u00d3PRIO","CHUVA":"Fraca","RESULTADO":"86","TEMP_AGUA":"21"},{"DATA":"24\/03\/2026","CONDICAO":"PR\u00d3PRIO","CHUVA":"Fraca","RESULTADO":"75","TEMP_AGUA":"21"},{"DATA":"17\/03\/2026","CONDICAO":"PR\u00d3PRIO","CHUVA":"Ausente","RESULTADO":"41","TEMP_AGUA":"26"},{"DATA":"10\/03\/2026","CONDICAO":"PR\u00d3PRIO","CHUVA":"Fraca","RESULTADO":"75","TEMP_AGUA":"25"}]},{"CODIGO":"299","MUNICIPIO_COD_IBGE":"4208807","MUNICIPIO":"JAGUARUNA","PONTO_NOME":"Ponto 03","BALNEARIO":"CANAL DO CAMACHO","LOCALIZACAO":"A direita da placa lim\u00edtrofe de Laguna-Jaguaruna, no canal","LATITUDE":"-28.61008765260199","LONGITUDE":"-48.85993573165677","ANALISES":[{"DATA":"28\/04\/2026","CONDICAO":"PR\u00d3PRIO","CHUVA":"Ausente","RESULTADO":"63","TEMP_AGUA":"20"},{"DATA":"31\/03\/2026","CONDICAO":"PR\u00d3PRIO","CHUVA":"Fraca","RESULTADO":"10","TEMP_AGUA":"24"},{"DATA":"24\/03\/2026","CONDICAO":"PR\u00d3PRIO","CHUVA":"Fraca","RESULTADO":"63","TEMP_AGUA":"24"},{"DATA":"17\/03\/2026","CONDICAO":"PR\u00d3PRIO","CHUVA":"Ausente","RESULTADO":"10","TEMP_AGUA":"24"},{"DATA":"10\/03\/2026","CONDICAO":"PR\u00d3PRIO","CHUVA":"Fraca","RESULTADO":"31","TEMP_AGUA":"23"}]},{"CODIGO":"300","MUNICIPIO_COD_IBGE":"4220000","MUNICIPIO":"BALNE\u00c1RIO RINC\u00c3O","PONTO_NOME":"Ponto 01","BALNEARIO":"LAGOA DOS FREITAS","LOCALIZACAO":"Em frente \u00e0 Rua Cambori\u00fa - Pr\u00f3ximo ao Posto de Salva Vidas","LATITUDE":"-28.8122714725763","LONGITUDE":"-49.2274106057351","ANALISES":[{"DATA":"28\/04\/2026","CONDICAO":"PR\u00d3PRIO","CHUVA":"Ausente","RESULTADO":"300","TEMP_AGUA":"23"},{"DATA":"30\/03\/2026","CONDICAO":"PR\u00d3PRIO","CHUVA":"Ausente","RESULTADO":"300","TEMP_AGUA":"25"},{"DATA":"23\/03\/2026","CONDICAO":"PR\u00d3PRIO","CHUVA":"Ausente","RESULTADO":"230","TEMP_AGUA":"25"},{"DATA":"16\/03\/2026","CONDICAO":"PR\u00d3PRIO","CHUVA":"Ausente","RESULTADO":"300","TEMP_AGUA":"23"},{"DATA":"09\/03\/2026","CONDICAO":"PR\u00d3PRIO","CHUVA":"Ausente","RESULTADO":"230","TEMP_AGUA":"23"}]},{"CODIGO":"301","MUNICIPIO_COD_IBGE":"4220000","MUNICIPIO":"BALNE\u00c1RIO RINC\u00c3O","PONTO_NOME":"Ponto 02","BALNEARIO":"LAGOA DOS ESTEVES","LOCALIZACAO":"Pr\u00f3ximo ao trapiche","LATITUDE":"-28.8459813958926","LONGITUDE":"-49.289339097544","ANALISES":[{"DATA":"28\/04\/2026","CONDICAO":"PR\u00d3PRIO","CHUVA":"Ausente","RESULTADO":"230","TEMP_AGUA":"21"},{"DATA":"30\/03\/2026","CONDICAO":"PR\u00d3PRIO","CHUVA":"Ausente","RESULTADO":"230","TEMP_AGUA":"25"},{"DATA":"23\/03\/2026","CONDICAO":"PR\u00d3PRIO","CHUVA":"Ausente","RESULTADO":"300","TEMP_AGUA":"25"},{"DATA":"16\/03\/2026","CONDICAO":"PR\u00d3PRIO","CHUVA":"Ausente","RESULTADO":"230","TEMP_AGUA":"23"},{"DATA":"09\/03\/2026","CONDICAO":"PR\u00d3PRIO","CHUVA":"Ausente","RESULTADO":"230","TEMP_AGUA":"23"}]},{"CODIGO":"302","MUNICIPIO_COD_IBGE":"4220000","MUNICIPIO":"BALNE\u00c1RIO RINC\u00c3O","PONTO_NOME":"Ponto 03","BALNEARIO":"LAGOA DO FAXINAL","LOCALIZACAO":"Em frente ao Parque Verde","LATITUDE":"-28.837266","LONGITUDE":"-49.275978","ANALISES":[{"DATA":"28\/04\/2026","CONDICAO":"PR\u00d3PRIO","CHUVA":"Ausente","RESULTADO":"300","TEMP_AGUA":"21"},{"DATA":"30\/03\/2026","CONDICAO":"IMPR\u00d3PRIO","CHUVA":"Ausente","RESULTADO":"3000","TEMP_AGUA":"25"},{"DATA":"23\/03\/2026","CONDICAO":"PR\u00d3PRIO","CHUVA":"Ausente","RESULTADO":"500","TEMP_AGUA":"25"},{"DATA":"16\/03\/2026","CONDICAO":"PR\u00d3PRIO","CHUVA":"Ausente","RESULTADO":"300","TEMP_AGUA":"23"},{"DATA":"09\/03\/2026","CONDICAO":"PR\u00d3PRIO","CHUVA":"Ausente","RESULTADO":"230","TEMP_AGUA":"23"}]},{"CODIGO":"303","MUNICIPIO_COD_IBGE":"4220000","MUNICIPIO":"BALNE\u00c1RIO RINC\u00c3O","PONTO_NOME":"Ponto 04","BALNEARIO":"PRAIA DO RINC\u00c3O","LOCALIZACAO":"Na Rua Paran\u00e1, em frente ao Cal\u00e7ad\u00e3o","LATITUDE":"-28.8331142801195","LONGITUDE":"-49.22723166855","ANALISES":[{"DATA":"28\/04\/2026","CONDICAO":"PR\u00d3PRIO","CHUVA":"Ausente","RESULTADO":"300","TEMP_AGUA":"22"},{"DATA":"30\/03\/2026","CONDICAO":"PR\u00d3PRIO","CHUVA":"Ausente","RESULTADO":"230","TEMP_AGUA":"24"},{"DATA":"23\/03\/2026","CONDICAO":"PR\u00d3PRIO","CHUVA":"Ausente","RESULTADO":"230","TEMP_AGUA":"22"},{"DATA":"16\/03\/2026","CONDICAO":"PR\u00d3PRIO","CHUVA":"Ausente","RESULTADO":"230","TEMP_AGUA":"22"},{"DATA":"09\/03\/2026","CONDICAO":"PR\u00d3PRIO","CHUVA":"Ausente","RESULTADO":"230","TEMP_AGUA":"22"}]},{"CODIGO":"156","MUNICIPIO_COD_IBGE":"4212809","MUNICIPIO":"BALNE\u00c1RIO PI\u00c7ARRAS","PONTO_NOME":"Ponto 02","BALNEARIO":"PRAIA DE PI\u00c7ARRAS","LOCALIZACAO":"Em frente Av. Get\u00falio Vargas, esquerda do molhe","LATITUDE":"-26.75757002097944","LONGITUDE":"-48.674808145853035","ANALISES":[{"DATA":"28\/04\/2026","CONDICAO":"PR\u00d3PRIO","CHUVA":"Moderada","RESULTADO":"10","TEMP_AGUA":"24"},{"DATA":"31\/03\/2026","CONDICAO":"PR\u00d3PRIO","CHUVA":"Intensa","RESULTADO":"262","TEMP_AGUA":"26"},{"DATA":"25\/03\/2026","CONDICAO":"PR\u00d3PRIO","CHUVA":"Ausente","RESULTADO":"63","TEMP_AGUA":"28"},{"DATA":"17\/03\/2026","CONDICAO":"PR\u00d3PRIO","CHUVA":"Ausente","RESULTADO":"10","TEMP_AGUA":"26"},{"DATA":"10\/03\/2026","CONDICAO":"PR\u00d3PRIO","CHUVA":"Fraca","RESULTADO":"41","TEMP_AGUA":"26"}]},{"CODIGO":"305","MUNICIPIO_COD_IBGE":"4220000","MUNICIPIO":"BALNE\u00c1RIO RINC\u00c3O","PONTO_NOME":"Ponto 06","BALNEARIO":"PRAIA DO RINC\u00c3O","LOCALIZACAO":"Em frente \u00e0 Rua Castro Alves","LATITUDE":"-28.836522183998","LONGITUDE":"-49.23180609385","ANALISES":[{"DATA":"28\/04\/2026","CONDICAO":"PR\u00d3PRIO","CHUVA":"Ausente","RESULTADO":"230","TEMP_AGUA":"22"},{"DATA":"30\/03\/2026","CONDICAO":"PR\u00d3PRIO","CHUVA":"Ausente","RESULTADO":"230","TEMP_AGUA":"24"},{"DATA":"23\/03\/2026","CONDICAO":"PR\u00d3PRIO","CHUVA":"Ausente","RESULTADO":"230","TEMP_AGUA":"22"},{"DATA":"16\/03\/2026","CONDICAO":"PR\u00d3PRIO","CHUVA":"Ausente","RESULTADO":"230","TEMP_AGUA":"22"},{"DATA":"09\/03\/2026","CONDICAO":"PR\u00d3PRIO","CHUVA":"Ausente","RESULTADO":"300","TEMP_AGUA":"22"}]},{"CODIGO":"306","MUNICIPIO_COD_IBGE":"4220000","MUNICIPIO":"BALNE\u00c1RIO RINC\u00c3O","PONTO_NOME":"Ponto 07","BALNEARIO":"PRAIA DO RINC\u00c3O","LOCALIZACAO":"Em frente \u00e0 Rua Manoel Jos\u00e9 Mag\u00e9","LATITUDE":"-28.839552","LONGITUDE":"-49.236217","ANALISES":[{"DATA":"28\/04\/2026","CONDICAO":"PR\u00d3PRIO","CHUVA":"Ausente","RESULTADO":"230","TEMP_AGUA":"22"},{"DATA":"30\/03\/2026","CONDICAO":"PR\u00d3PRIO","CHUVA":"Ausente","RESULTADO":"230","TEMP_AGUA":"24"},{"DATA":"23\/03\/2026","CONDICAO":"PR\u00d3PRIO","CHUVA":"Ausente","RESULTADO":"230","TEMP_AGUA":"22"},{"DATA":"16\/03\/2026","CONDICAO":"PR\u00d3PRIO","CHUVA":"Ausente","RESULTADO":"230","TEMP_AGUA":"22"},{"DATA":"09\/03\/2026","CONDICAO":"PR\u00d3PRIO","CHUVA":"Ausente","RESULTADO":"300","TEMP_AGUA":"22"}]},{"CODIGO":"307","MUNICIPIO_COD_IBGE":"4220000","MUNICIPIO":"BALNE\u00c1RIO RINC\u00c3O","PONTO_NOME":"Ponto 08","BALNEARIO":"PRAIA DO RINC\u00c3O","LOCALIZACAO":"100 metros ao norte do Arroio","LATITUDE":"-28.82975417631","LONGITUDE":"-49.222871927","ANALISES":[{"DATA":"28\/04\/2026","CONDICAO":"PR\u00d3PRIO","CHUVA":"Ausente","RESULTADO":"300","TEMP_AGUA":"21"},{"DATA":"30\/03\/2026","CONDICAO":"PR\u00d3PRIO","CHUVA":"Ausente","RESULTADO":"500","TEMP_AGUA":"24"},{"DATA":"23\/03\/2026","CONDICAO":"PR\u00d3PRIO","CHUVA":"Ausente","RESULTADO":"230","TEMP_AGUA":"22"},{"DATA":"16\/03\/2026","CONDICAO":"PR\u00d3PRIO","CHUVA":"Ausente","RESULTADO":"230","TEMP_AGUA":"22"},{"DATA":"09\/03\/2026","CONDICAO":"PR\u00d3PRIO","CHUVA":"Ausente","RESULTADO":"230","TEMP_AGUA":"22"}]},{"CODIGO":"309","MUNICIPIO_COD_IBGE":"4212254","MUNICIPIO":"PASSO DE TORRES","PONTO_NOME":"Ponto 01","BALNEARIO":"PRAIA DE PASSO DE TORRES","LOCALIZACAO":"Em frente \u00e0 Rua Vinte de Maio","LATITUDE":"-29.324103","LONGITUDE":"-49.71247","ANALISES":[{"DATA":"28\/04\/2026","CONDICAO":"PR\u00d3PRIO","CHUVA":"Ausente","RESULTADO":"230","TEMP_AGUA":"20"},{"DATA":"30\/03\/2026","CONDICAO":"PR\u00d3PRIO","CHUVA":"Ausente","RESULTADO":"500","TEMP_AGUA":"22"},{"DATA":"23\/03\/2026","CONDICAO":"PR\u00d3PRIO","CHUVA":"Ausente","RESULTADO":"230","TEMP_AGUA":"23"},{"DATA":"16\/03\/2026","CONDICAO":"PR\u00d3PRIO","CHUVA":"Ausente","RESULTADO":"230","TEMP_AGUA":"23"},{"DATA":"09\/03\/2026","CONDICAO":"PR\u00d3PRIO","CHUVA":"Ausente","RESULTADO":"230","TEMP_AGUA":"21"}]},{"CODIGO":"150","MUNICIPIO_COD_IBGE":"4202057","MUNICIPIO":"BALNE\u00c1RIO DA BARRA DO SUL","PONTO_NOME":"Ponto 02","BALNEARIO":"CANAL DO LINGUADO","LOCALIZACAO":"Na Prainha da foz do Canal Do Linguado","LATITUDE":"-26.455229155902","LONGITUDE":"-48.597740383673","ANALISES":[{"DATA":"28\/04\/2026","CONDICAO":"PR\u00d3PRIO","CHUVA":"Ausente","RESULTADO":"199","TEMP_AGUA":"23"},{"DATA":"31\/03\/2026","CONDICAO":"PR\u00d3PRIO","CHUVA":"Moderada","RESULTADO":"1650","TEMP_AGUA":"26"},{"DATA":"25\/03\/2026","CONDICAO":"PR\u00d3PRIO","CHUVA":"Ausente","RESULTADO":"473","TEMP_AGUA":"27"},{"DATA":"17\/03\/2026","CONDICAO":"PR\u00d3PRIO","CHUVA":"Ausente","RESULTADO":"450","TEMP_AGUA":"25"},{"DATA":"10\/03\/2026","CONDICAO":"IMPR\u00d3PRIO","CHUVA":"Fraca","RESULTADO":"201","TEMP_AGUA":"25"}]},{"CODIGO":"155","MUNICIPIO_COD_IBGE":"4212809","MUNICIPIO":"BALNE\u00c1RIO PI\u00c7ARRAS","PONTO_NOME":"Ponto 01","BALNEARIO":"PRAIA DE PI\u00c7ARRAS","LOCALIZACAO":"Em frente \u00e0 Rua Nakle Francisco","LATITUDE":"-26.767936190230244","LONGITUDE":"-48.66804209837801","ANALISES":[{"DATA":"28\/04\/2026","CONDICAO":"PR\u00d3PRIO","CHUVA":"Moderada","RESULTADO":"31","TEMP_AGUA":"24"},{"DATA":"31\/03\/2026","CONDICAO":"PR\u00d3PRIO","CHUVA":"Intensa","RESULTADO":"85","TEMP_AGUA":"26"},{"DATA":"25\/03\/2026","CONDICAO":"PR\u00d3PRIO","CHUVA":"Ausente","RESULTADO":"1291","TEMP_AGUA":"28"},{"DATA":"17\/03\/2026","CONDICAO":"PR\u00d3PRIO","CHUVA":"Ausente","RESULTADO":"175","TEMP_AGUA":"26"},{"DATA":"10\/03\/2026","CONDICAO":"PR\u00d3PRIO","CHUVA":"Fraca","RESULTADO":"181","TEMP_AGUA":"26"}]},{"CODIGO":"311","MUNICIPIO_COD_IBGE":"4201950","MUNICIPIO":"BALNE\u00c1RIO ARROIO DO SILVA","PONTO_NOME":"Ponto 01","BALNEARIO":"PRAIA DO ARROIO DO SILVA","LOCALIZACAO":"Na Rua Apol\u00f4nio Ireno Cardoso - 100 metros ao norte do Arroio","LATITUDE":"-28.9875320364582","LONGITUDE":"-49.41000096181783","ANALISES":[{"DATA":"28\/04\/2026","CONDICAO":"PR\u00d3PRIO","CHUVA":"Ausente","RESULTADO":"230","TEMP_AGUA":"20"},{"DATA":"30\/03\/2026","CONDICAO":"PR\u00d3PRIO","CHUVA":"Ausente","RESULTADO":"230","TEMP_AGUA":"24"},{"DATA":"23\/03\/2026","CONDICAO":"PR\u00d3PRIO","CHUVA":"Ausente","RESULTADO":"230","TEMP_AGUA":"22"},{"DATA":"16\/03\/2026","CONDICAO":"PR\u00d3PRIO","CHUVA":"Ausente","RESULTADO":"300","TEMP_AGUA":"23"},{"DATA":"09\/03\/2026","CONDICAO":"PR\u00d3PRIO","CHUVA":"Ausente","RESULTADO":"230","TEMP_AGUA":"21"}]},{"CODIGO":"312","MUNICIPIO_COD_IBGE":"4201950","MUNICIPIO":"BALNE\u00c1RIO ARROIO DO SILVA","PONTO_NOME":"Ponto 02","BALNEARIO":"PRAIA DO ARROIO DO SILVA","LOCALIZACAO":"Na Rua Prezalino Oliveira - 100 metros ao sul do Arroio","LATITUDE":"-28.98951769356954","LONGITUDE":"-49.41232099147552","ANALISES":[{"DATA":"28\/04\/2026","CONDICAO":"PR\u00d3PRIO","CHUVA":"Ausente","RESULTADO":"300","TEMP_AGUA":"20"},{"DATA":"30\/03\/2026","CONDICAO":"PR\u00d3PRIO","CHUVA":"Ausente","RESULTADO":"230","TEMP_AGUA":"24"},{"DATA":"23\/03\/2026","CONDICAO":"PR\u00d3PRIO","CHUVA":"Ausente","RESULTADO":"230","TEMP_AGUA":"22"},{"DATA":"16\/03\/2026","CONDICAO":"PR\u00d3PRIO","CHUVA":"Ausente","RESULTADO":"230","TEMP_AGUA":"23"},{"DATA":"09\/03\/2026","CONDICAO":"PR\u00d3PRIO","CHUVA":"Ausente","RESULTADO":"230","TEMP_AGUA":"21"}]},{"CODIGO":"314","MUNICIPIO_COD_IBGE":"4202073","MUNICIPIO":"BALNE\u00c1RIO GAIVOTA","PONTO_NOME":"Ponto 01","BALNEARIO":"PRAIA DAS GAIVOTAS","LOCALIZACAO":"Na Avenida Itapuan, em frente \u00e0 Pra\u00e7a de Esportes","LATITUDE":"-29.16155785381965","LONGITUDE":"-49.57663563054125","ANALISES":[{"DATA":"28\/04\/2026","CONDICAO":"PR\u00d3PRIO","CHUVA":"Ausente","RESULTADO":"230","TEMP_AGUA":"16"},{"DATA":"30\/03\/2026","CONDICAO":"PR\u00d3PRIO","CHUVA":"Ausente","RESULTADO":"230","TEMP_AGUA":"24"},{"DATA":"23\/03\/2026","CONDICAO":"PR\u00d3PRIO","CHUVA":"Ausente","RESULTADO":"230","TEMP_AGUA":"23"},{"DATA":"16\/03\/2026","CONDICAO":"PR\u00d3PRIO","CHUVA":"Ausente","RESULTADO":"230","TEMP_AGUA":"23"},{"DATA":"09\/03\/2026","CONDICAO":"PR\u00d3PRIO","CHUVA":"Ausente","RESULTADO":"230","TEMP_AGUA":"21"}]},{"CODIGO":"317","MUNICIPIO_COD_IBGE":"4205407","MUNICIPIO":"FLORIAN\u00d3POLIS","PONTO_NOME":"Ponto 70","BALNEARIO":"PRAIA DE PONTA DAS CANAS","LOCALIZACAO":"Em frente \u00e0 Rua Alcina Jannis","LATITUDE":"-27.413647713","LONGITUDE":"-48.429391997","ANALISES":[{"DATA":"27\/04\/2026","CONDICAO":"PR\u00d3PRIO","CHUVA":"Intensa","RESULTADO":"594","TEMP_AGUA":"23"},{"DATA":"30\/03\/2026","CONDICAO":"PR\u00d3PRIO","CHUVA":"Ausente","RESULTADO":"10","TEMP_AGUA":"26"},{"DATA":"24\/03\/2026","CONDICAO":"PR\u00d3PRIO","CHUVA":"Fraca","RESULTADO":"97","TEMP_AGUA":"26"},{"DATA":"16\/03\/2026","CONDICAO":"PR\u00d3PRIO","CHUVA":"Ausente","RESULTADO":"185","TEMP_AGUA":"26"},{"DATA":"09\/03\/2026","CONDICAO":"PR\u00d3PRIO","CHUVA":"Intensa","RESULTADO":"41","TEMP_AGUA":"25"}]},{"CODIGO":"321","MUNICIPIO_COD_IBGE":"4205407","MUNICIPIO":"FLORIAN\u00d3POLIS","PONTO_NOME":"Ponto 71","BALNEARIO":"PRAIA MOLE","LOCALIZACAO":"Acesso principal, em frente a Est\u00e1tua do Surfista","LATITUDE":"-27.6026308929178","LONGITUDE":"-48.432467521022","ANALISES":[{"DATA":"28\/04\/2026","CONDICAO":"PR\u00d3PRIO","CHUVA":"Ausente","RESULTADO":"10","TEMP_AGUA":"22"},{"DATA":"31\/03\/2026","CONDICAO":"PR\u00d3PRIO","CHUVA":"Moderada","RESULTADO":"10","TEMP_AGUA":"22"},{"DATA":"25\/03\/2026","CONDICAO":"PR\u00d3PRIO","CHUVA":"Ausente","RESULTADO":"20","TEMP_AGUA":"22"},{"DATA":"17\/03\/2026","CONDICAO":"PR\u00d3PRIO","CHUVA":"Ausente","RESULTADO":"10","TEMP_AGUA":"20"},{"DATA":"10\/03\/2026","CONDICAO":"PR\u00d3PRIO","CHUVA":"Moderada","RESULTADO":"31","TEMP_AGUA":"23"}]},{"CODIGO":"322","MUNICIPIO_COD_IBGE":"4201950","MUNICIPIO":"BALNE\u00c1RIO ARROIO DO SILVA","PONTO_NOME":"Ponto 17","BALNEARIO":"PRAIA DO ARROIO DO SILVA","LOCALIZACAO":"Em frente \u00e0 Avenida Florian\u00f3polis","LATITUDE":"-28.991381663203356","LONGITUDE":"-49.41427346211411","ANALISES":[{"DATA":"28\/04\/2026","CONDICAO":"PR\u00d3PRIO","CHUVA":"Ausente","RESULTADO":"500","TEMP_AGUA":"20"},{"DATA":"30\/03\/2026","CONDICAO":"PR\u00d3PRIO","CHUVA":"Ausente","RESULTADO":"230","TEMP_AGUA":"24"},{"DATA":"23\/03\/2026","CONDICAO":"PR\u00d3PRIO","CHUVA":"Ausente","RESULTADO":"230","TEMP_AGUA":"22"},{"DATA":"16\/03\/2026","CONDICAO":"PR\u00d3PRIO","CHUVA":"Ausente","RESULTADO":"230","TEMP_AGUA":"23"},{"DATA":"09\/03\/2026","CONDICAO":"PR\u00d3PRIO","CHUVA":"Ausente","RESULTADO":"230","TEMP_AGUA":"21"}]},{"CODIGO":"324","MUNICIPIO_COD_IBGE":"4204152","MUNICIPIO":"GOVERNADOR CELSO RAMOS","PONTO_NOME":"Ponto 04","BALNEARIO":"PRAIA DO ANTENOR","LOCALIZACAO":"No meio da Praia","LATITUDE":"-27.4266910014494","LONGITUDE":"-48.57358002585","ANALISES":[{"DATA":"28\/04\/2026","CONDICAO":"PR\u00d3PRIO","CHUVA":"Ausente","RESULTADO":"185","TEMP_AGUA":"20"},{"DATA":"31\/03\/2026","CONDICAO":"PR\u00d3PRIO","CHUVA":"Moderada","RESULTADO":"987","TEMP_AGUA":"23"},{"DATA":"24\/03\/2026","CONDICAO":"PR\u00d3PRIO","CHUVA":"Ausente","RESULTADO":"31","TEMP_AGUA":"25"},{"DATA":"17\/03\/2026","CONDICAO":"PR\u00d3PRIO","CHUVA":"Ausente","RESULTADO":"160","TEMP_AGUA":"24"},{"DATA":"10\/03\/2026","CONDICAO":"PR\u00d3PRIO","CHUVA":"Fraca","RESULTADO":"173","TEMP_AGUA":"23"}]},{"CODIGO":"151","MUNICIPIO_COD_IBGE":"4202107","MUNICIPIO":"BARRA VELHA","PONTO_NOME":"Ponto 01","BALNEARIO":"PRAIA DA BARRA VELHA","LOCALIZACAO":"Em frente \u00e0 Avenida Armando Petrelli, altura do n\u00ba555","LATITUDE":"-26.62795231635277","LONGITUDE":"-48.68011973147956","ANALISES":[{"DATA":"28\/04\/2026","CONDICAO":"PR\u00d3PRIO","CHUVA":"Moderada","RESULTADO":"1785","TEMP_AGUA":"23"},{"DATA":"31\/03\/2026","CONDICAO":"PR\u00d3PRIO","CHUVA":"Intensa","RESULTADO":"74","TEMP_AGUA":"26"},{"DATA":"25\/03\/2026","CONDICAO":"PR\u00d3PRIO","CHUVA":"Ausente","RESULTADO":"145","TEMP_AGUA":"26"},{"DATA":"17\/03\/2026","CONDICAO":"PR\u00d3PRIO","CHUVA":"Ausente","RESULTADO":"10","TEMP_AGUA":"26"},{"DATA":"10\/03\/2026","CONDICAO":"PR\u00d3PRIO","CHUVA":"Fraca","RESULTADO":"155","TEMP_AGUA":"26"}]},{"CODIGO":"357","MUNICIPIO_COD_IBGE":"4208203","MUNICIPIO":"ITAJA\u00cd","PONTO_NOME":"Ponto 05","BALNEARIO":"PRAIA BRAVA","LOCALIZACAO":"Em frente \u00e0 Rua Martim Pescador, pr\u00f3ximo ao Posto Salva Vidas ","LATITUDE":"-26.957811","LONGITUDE":"-48.6290495","ANALISES":[{"DATA":"28\/04\/2026","CONDICAO":"PR\u00d3PRIO","CHUVA":"Ausente","RESULTADO":"187","TEMP_AGUA":"21"},{"DATA":"31\/03\/2026","CONDICAO":"IMPR\u00d3PRIO","CHUVA":"Intensa","RESULTADO":"3255","TEMP_AGUA":"26"},{"DATA":"25\/03\/2026","CONDICAO":"PR\u00d3PRIO","CHUVA":"Ausente","RESULTADO":"185","TEMP_AGUA":"27"},{"DATA":"17\/03\/2026","CONDICAO":"PR\u00d3PRIO","CHUVA":"Ausente","RESULTADO":"20","TEMP_AGUA":"27"},{"DATA":"10\/03\/2026","CONDICAO":"PR\u00d3PRIO","CHUVA":"Moderada","RESULTADO":"712","TEMP_AGUA":"24"}]},{"CODIGO":"327","MUNICIPIO_COD_IBGE":"4204152","MUNICIPIO":"GOVERNADOR CELSO RAMOS","PONTO_NOME":"Ponto 07","BALNEARIO":"PRAIA DA FAZENDA DA ARMA\u00c7\u00c3O","LOCALIZACAO":"Na Rua Greg\u00f3rio Monteiro","LATITUDE":"-27.3666263843177","LONGITUDE":"-48.5557192371","ANALISES":[{"DATA":"28\/04\/2026","CONDICAO":"PR\u00d3PRIO","CHUVA":"Ausente","RESULTADO":"473","TEMP_AGUA":"21"},{"DATA":"31\/03\/2026","CONDICAO":"PR\u00d3PRIO","CHUVA":"Moderada","RESULTADO":"173","TEMP_AGUA":"23"},{"DATA":"24\/03\/2026","CONDICAO":"PR\u00d3PRIO","CHUVA":"Ausente","RESULTADO":"131","TEMP_AGUA":"25"},{"DATA":"17\/03\/2026","CONDICAO":"PR\u00d3PRIO","CHUVA":"Ausente","RESULTADO":"262","TEMP_AGUA":"24"},{"DATA":"10\/03\/2026","CONDICAO":"IMPR\u00d3PRIO","CHUVA":"Fraca","RESULTADO":"52","TEMP_AGUA":"24"}]},{"CODIGO":"145","MUNICIPIO_COD_IBGE":"4216206","MUNICIPIO":"S\u00c3O FRANCISCO DO SUL","PONTO_NOME":"Ponto 04","BALNEARIO":"PRAIA DE UBATUBA","LOCALIZACAO":"Em frente \u00e0 Rua Cidade do Cabo, pr\u00f3ximo ao Posto de Salva Vidas","LATITUDE":"-26.201199310583007","LONGITUDE":"-48.52803203865715","ANALISES":[{"DATA":"28\/04\/2026","CONDICAO":"PR\u00d3PRIO","CHUVA":"Fraca","RESULTADO":"52","TEMP_AGUA":"23"},{"DATA":"31\/03\/2026","CONDICAO":"PR\u00d3PRIO","CHUVA":"Fraca","RESULTADO":"20","TEMP_AGUA":"23"},{"DATA":"25\/03\/2026","CONDICAO":"PR\u00d3PRIO","CHUVA":"Ausente","RESULTADO":"10","TEMP_AGUA":"23"},{"DATA":"17\/03\/2026","CONDICAO":"PR\u00d3PRIO","CHUVA":"Ausente","RESULTADO":"20","TEMP_AGUA":"26"},{"DATA":"10\/03\/2026","CONDICAO":"PR\u00d3PRIO","CHUVA":"Fraca","RESULTADO":"185","TEMP_AGUA":"24"}]},{"CODIGO":"143","MUNICIPIO_COD_IBGE":"4216206","MUNICIPIO":"S\u00c3O FRANCISCO DO SUL","PONTO_NOME":"Ponto 08","BALNEARIO":"PRAIA DA ENSEADA","LOCALIZACAO":"Em frente ao in\u00edcio da Avenida Atl\u00e2ntica com a Rua Acre, pr\u00f3ximo ao Posto de Salva Vidas","LATITUDE":"-26.223465","LONGITUDE":"-48.515242","ANALISES":[{"DATA":"28\/04\/2026","CONDICAO":"PR\u00d3PRIO","CHUVA":"Fraca","RESULTADO":"98","TEMP_AGUA":"23"},{"DATA":"31\/03\/2026","CONDICAO":"PR\u00d3PRIO","CHUVA":"Fraca","RESULTADO":"10","TEMP_AGUA":"22"},{"DATA":"25\/03\/2026","CONDICAO":"PR\u00d3PRIO","CHUVA":"Ausente","RESULTADO":"20","TEMP_AGUA":"23"},{"DATA":"17\/03\/2026","CONDICAO":"PR\u00d3PRIO","CHUVA":"Ausente","RESULTADO":"86","TEMP_AGUA":"26"},{"DATA":"10\/03\/2026","CONDICAO":"PR\u00d3PRIO","CHUVA":"Fraca","RESULTADO":"1725","TEMP_AGUA":"24"}]},{"CODIGO":"358","MUNICIPIO_COD_IBGE":"4216206","MUNICIPIO":"S\u00c3O FRANCISCO DO SUL","PONTO_NOME":"Ponto 09","BALNEARIO":"PRAINHA DA ENSEADA","LOCALIZACAO":"Em frente \u00e0 Rua Macei\u00f3, pr\u00f3ximo ao Posto de Salva Vidas","LATITUDE":"-26.231189","LONGITUDE":"-48.5007325","ANALISES":[{"DATA":"28\/04\/2026","CONDICAO":"PR\u00d3PRIO","CHUVA":"Fraca","RESULTADO":"10","TEMP_AGUA":"23"},{"DATA":"31\/03\/2026","CONDICAO":"PR\u00d3PRIO","CHUVA":"Ausente","RESULTADO":"10","TEMP_AGUA":"23"},{"DATA":"25\/03\/2026","CONDICAO":"PR\u00d3PRIO","CHUVA":"Ausente","RESULTADO":"41","TEMP_AGUA":"22"},{"DATA":"17\/03\/2026","CONDICAO":"PR\u00d3PRIO","CHUVA":"Ausente","RESULTADO":"148","TEMP_AGUA":"26"},{"DATA":"10\/03\/2026","CONDICAO":"PR\u00d3PRIO","CHUVA":"Fraca","RESULTADO":"30","TEMP_AGUA":"24"}]},{"CODIGO":"400","MUNICIPIO_COD_IBGE":"4204152","MUNICIPIO":"GOVERNADOR CELSO RAMOS","PONTO_NOME":"Ponto 18","BALNEARIO":"PRAIA DE PALMAS","LOCALIZACAO":"Em frente \u00e0 Rua dos Robalos, na passarela","LATITUDE":"-27.327500","LONGITUDE":"-48.536944","ANALISES":[{"DATA":"28\/04\/2026","CONDICAO":"PR\u00d3PRIO","CHUVA":"Ausente","RESULTADO":"41","TEMP_AGUA":"20"},{"DATA":"31\/03\/2026","CONDICAO":"PR\u00d3PRIO","CHUVA":"Moderada","RESULTADO":"187","TEMP_AGUA":"22"},{"DATA":"24\/03\/2026","CONDICAO":"PR\u00d3PRIO","CHUVA":"Ausente","RESULTADO":"10","TEMP_AGUA":"25"},{"DATA":"17\/03\/2026","CONDICAO":"PR\u00d3PRIO","CHUVA":"Ausente","RESULTADO":"31","TEMP_AGUA":"25"},{"DATA":"10\/03\/2026","CONDICAO":"PR\u00d3PRIO","CHUVA":"Fraca","RESULTADO":"41","TEMP_AGUA":"24"}]},{"CODIGO":"138","MUNICIPIO_COD_IBGE":"4208450","MUNICIPIO":"ITAPO\u00c1","PONTO_NOME":"Ponto 03","BALNEARIO":"PRAIA DE ITAPO\u00c1","LOCALIZACAO":"Balne\u00e1rio Palmeiras, em frente \u00e0 Rua 1970","LATITUDE":"-26.131928058450256","LONGITUDE":"-48.59794811426442","ANALISES":[{"DATA":"28\/04\/2026","CONDICAO":"PR\u00d3PRIO","CHUVA":"Ausente","RESULTADO":"122","TEMP_AGUA":"24"},{"DATA":"31\/03\/2026","CONDICAO":"PR\u00d3PRIO","CHUVA":"Moderada","RESULTADO":"235","TEMP_AGUA":"26"},{"DATA":"25\/03\/2026","CONDICAO":"IMPR\u00d3PRIO","CHUVA":"Ausente","RESULTADO":"884","TEMP_AGUA":"26"},{"DATA":"17\/03\/2026","CONDICAO":"IMPR\u00d3PRIO","CHUVA":"Ausente","RESULTADO":"10","TEMP_AGUA":"27"},{"DATA":"10\/03\/2026","CONDICAO":"IMPR\u00d3PRIO","CHUVA":"Fraca","RESULTADO":"110","TEMP_AGUA":"26"}]},{"CODIGO":"391","MUNICIPIO_COD_IBGE":"4205407","MUNICIPIO":"FLORIAN\u00d3POLIS","PONTO_NOME":"Ponto 97","BALNEARIO":"LAGOA DA CONCEI\u00c7\u00c3O","LOCALIZACAO":"Na Rua Vereador Osni Ortiga, em frente \u00e0 Servid\u00e3o Das Cicas","LATITUDE":"-27.6234051377590","LONGITUDE":"-48.4657637140273","ANALISES":[{"DATA":"28\/04\/2026","CONDICAO":"PR\u00d3PRIO","CHUVA":"Ausente","RESULTADO":"169","TEMP_AGUA":"22"},{"DATA":"31\/03\/2026","CONDICAO":"PR\u00d3PRIO","CHUVA":"Moderada","RESULTADO":"74","TEMP_AGUA":"26"},{"DATA":"25\/03\/2026","CONDICAO":"PR\u00d3PRIO","CHUVA":"Ausente","RESULTADO":"146","TEMP_AGUA":"27"},{"DATA":"17\/03\/2026","CONDICAO":"PR\u00d3PRIO","CHUVA":"Ausente","RESULTADO":"243","TEMP_AGUA":"28"},{"DATA":"10\/03\/2026","CONDICAO":"PR\u00d3PRIO","CHUVA":"Moderada","RESULTADO":"738","TEMP_AGUA":"25"}]},{"CODIGO":"392","MUNICIPIO_COD_IBGE":"4201950","MUNICIPIO":"BALNE\u00c1RIO ARROIO DO SILVA","PONTO_NOME":"Ponto 04","BALNEARIO":"PRAIA DO ARROIO DO SILVA","LOCALIZACAO":"Final da Rua Crici\u00fama","LATITUDE":"-28.994444","LONGITUDE":"-49.418611","ANALISES":[{"DATA":"28\/04\/2026","CONDICAO":"PR\u00d3PRIO","CHUVA":"Ausente","RESULTADO":"230","TEMP_AGUA":"20"},{"DATA":"30\/03\/2026","CONDICAO":"PR\u00d3PRIO","CHUVA":"Ausente","RESULTADO":"230","TEMP_AGUA":"24"},{"DATA":"23\/03\/2026","CONDICAO":"PR\u00d3PRIO","CHUVA":"Ausente","RESULTADO":"230","TEMP_AGUA":"22"},{"DATA":"16\/03\/2026","CONDICAO":"PR\u00d3PRIO","CHUVA":"Ausente","RESULTADO":"230","TEMP_AGUA":"23"},{"DATA":"09\/03\/2026","CONDICAO":"PR\u00d3PRIO","CHUVA":"Ausente","RESULTADO":"230","TEMP_AGUA":"21"}]},{"CODIGO":"393","MUNICIPIO_COD_IBGE":"4201950","MUNICIPIO":"BALNE\u00c1RIO ARROIO DO SILVA","PONTO_NOME":"Ponto 05","BALNEARIO":"PRAIA DO ARROIO DO SILVA","LOCALIZACAO":"Final da Rua Domingo Campos","LATITUDE":"-28.981389","LONGITUDE":"-49.404722","ANALISES":[{"DATA":"28\/04\/2026","CONDICAO":"PR\u00d3PRIO","CHUVA":"Ausente","RESULTADO":"230","TEMP_AGUA":"20"},{"DATA":"30\/03\/2026","CONDICAO":"PR\u00d3PRIO","CHUVA":"Ausente","RESULTADO":"230","TEMP_AGUA":"24"},{"DATA":"23\/03\/2026","CONDICAO":"PR\u00d3PRIO","CHUVA":"Ausente","RESULTADO":"230","TEMP_AGUA":"22"},{"DATA":"16\/03\/2026","CONDICAO":"PR\u00d3PRIO","CHUVA":"Ausente","RESULTADO":"300","TEMP_AGUA":"23"},{"DATA":"09\/03\/2026","CONDICAO":"PR\u00d3PRIO","CHUVA":"Ausente","RESULTADO":"230","TEMP_AGUA":"21"}]},{"CODIGO":"394","MUNICIPIO_COD_IBGE":"4202073","MUNICIPIO":"BALNE\u00c1RIO GAIVOTA","PONTO_NOME":"Ponto 03","BALNEARIO":"PRAIA DAS GAIVOTAS","LOCALIZACAO":"Final da Rua R.B - Acesso Onda Azul","LATITUDE":"-29.181944","LONGITUDE":"-49.596667","ANALISES":[{"DATA":"28\/04\/2026","CONDICAO":"PR\u00d3PRIO","CHUVA":"Ausente","RESULTADO":"500","TEMP_AGUA":"16"},{"DATA":"30\/03\/2026","CONDICAO":"PR\u00d3PRIO","CHUVA":"Ausente","RESULTADO":"300","TEMP_AGUA":"24"},{"DATA":"23\/03\/2026","CONDICAO":"PR\u00d3PRIO","CHUVA":"Ausente","RESULTADO":"230","TEMP_AGUA":"23"},{"DATA":"16\/03\/2026","CONDICAO":"PR\u00d3PRIO","CHUVA":"Ausente","RESULTADO":"230","TEMP_AGUA":"23"},{"DATA":"09\/03\/2026","CONDICAO":"PR\u00d3PRIO","CHUVA":"Ausente","RESULTADO":"300","TEMP_AGUA":"21"}]},{"CODIGO":"395","MUNICIPIO_COD_IBGE":"4202073","MUNICIPIO":"BALNE\u00c1RIO GAIVOTA","PONTO_NOME":"Ponto 04","BALNEARIO":"PRAIA DAS GAIVOTAS","LOCALIZACAO":"Final da S\u00e9tima Avenida","LATITUDE":"-29.171944","LONGITUDE":"-49.588056","ANALISES":[{"DATA":"28\/04\/2026","CONDICAO":"PR\u00d3PRIO","CHUVA":"Ausente","RESULTADO":"300","TEMP_AGUA":"16"},{"DATA":"30\/03\/2026","CONDICAO":"PR\u00d3PRIO","CHUVA":"Ausente","RESULTADO":"230","TEMP_AGUA":"24"},{"DATA":"23\/03\/2026","CONDICAO":"PR\u00d3PRIO","CHUVA":"Ausente","RESULTADO":"300","TEMP_AGUA":"23"},{"DATA":"16\/03\/2026","CONDICAO":"PR\u00d3PRIO","CHUVA":"Ausente","RESULTADO":"230","TEMP_AGUA":"23"},{"DATA":"09\/03\/2026","CONDICAO":"PR\u00d3PRIO","CHUVA":"Ausente","RESULTADO":"230","TEMP_AGUA":"21"}]},{"CODIGO":"396","MUNICIPIO_COD_IBGE":"4202073","MUNICIPIO":"BALNE\u00c1RIO GAIVOTA","PONTO_NOME":"Ponto 05","BALNEARIO":"PRAIA DAS GAIVOTAS","LOCALIZACAO":"Final da Avenida Crespim Jo\u00e3o Pereira","LATITUDE":"-29.166111","LONGITUDE":"-49.582500","ANALISES":[{"DATA":"28\/04\/2026","CONDICAO":"PR\u00d3PRIO","CHUVA":"Ausente","RESULTADO":"500","TEMP_AGUA":"16"},{"DATA":"30\/03\/2026","CONDICAO":"PR\u00d3PRIO","CHUVA":"Ausente","RESULTADO":"230","TEMP_AGUA":"24"},{"DATA":"23\/03\/2026","CONDICAO":"PR\u00d3PRIO","CHUVA":"Ausente","RESULTADO":"230","TEMP_AGUA":"23"},{"DATA":"16\/03\/2026","CONDICAO":"PR\u00d3PRIO","CHUVA":"Ausente","RESULTADO":"230","TEMP_AGUA":"23"},{"DATA":"09\/03\/2026","CONDICAO":"PR\u00d3PRIO","CHUVA":"Ausente","RESULTADO":"230","TEMP_AGUA":"21"}]},{"CODIGO":"397","MUNICIPIO_COD_IBGE":"4202073","MUNICIPIO":"BALNE\u00c1RIO GAIVOTA","PONTO_NOME":"Ponto 06","BALNEARIO":"PRAIA DAS GAIVOTAS","LOCALIZACAO":"Final da Avenida Bras\u00edlia - Acesso Turimar","LATITUDE":"-29.153889","LONGITUDE":"-49.570278","ANALISES":[{"DATA":"28\/04\/2026","CONDICAO":"PR\u00d3PRIO","CHUVA":"Ausente","RESULTADO":"300","TEMP_AGUA":"16"},{"DATA":"30\/03\/2026","CONDICAO":"PR\u00d3PRIO","CHUVA":"Ausente","RESULTADO":"230","TEMP_AGUA":"24"},{"DATA":"23\/03\/2026","CONDICAO":"PR\u00d3PRIO","CHUVA":"Ausente","RESULTADO":"230","TEMP_AGUA":"25"},{"DATA":"16\/03\/2026","CONDICAO":"PR\u00d3PRIO","CHUVA":"Ausente","RESULTADO":"230","TEMP_AGUA":"23"},{"DATA":"09\/03\/2026","CONDICAO":"PR\u00d3PRIO","CHUVA":"Ausente","RESULTADO":"230","TEMP_AGUA":"21"}]},{"CODIGO":"398","MUNICIPIO_COD_IBGE":"4202073","MUNICIPIO":"BALNE\u00c1RIO GAIVOTA","PONTO_NOME":"Ponto 07","BALNEARIO":"PRAIA DAS GAIVOTAS","LOCALIZACAO":"Entre \u00e0 Rua Lages e Rua Joinville","LATITUDE":"-29.149167","LONGITUDE":"-49.565833","ANALISES":[{"DATA":"28\/04\/2026","CONDICAO":"PR\u00d3PRIO","CHUVA":"Ausente","RESULTADO":"700","TEMP_AGUA":"16"},{"DATA":"30\/03\/2026","CONDICAO":"PR\u00d3PRIO","CHUVA":"Ausente","RESULTADO":"230","TEMP_AGUA":"24"},{"DATA":"23\/03\/2026","CONDICAO":"PR\u00d3PRIO","CHUVA":"Ausente","RESULTADO":"230","TEMP_AGUA":"25"},{"DATA":"16\/03\/2026","CONDICAO":"PR\u00d3PRIO","CHUVA":"Ausente","RESULTADO":"300","TEMP_AGUA":"23"},{"DATA":"09\/03\/2026","CONDICAO":"PR\u00d3PRIO","CHUVA":"Ausente","RESULTADO":"230","TEMP_AGUA":"21"}]},{"CODIGO":"399","MUNICIPIO_COD_IBGE":"4204152","MUNICIPIO":"GOVERNADOR CELSO RAMOS","PONTO_NOME":"Ponto 17","BALNEARIO":"PRAIA DE PALMAS","LOCALIZACAO":"Em frente \u00e0 Rua das Anchovas","LATITUDE":"-27.331111","LONGITUDE":"-48.534444","ANALISES":[{"DATA":"28\/04\/2026","CONDICAO":"PR\u00d3PRIO","CHUVA":"Ausente","RESULTADO":"97","TEMP_AGUA":"20"},{"DATA":"31\/03\/2026","CONDICAO":"PR\u00d3PRIO","CHUVA":"Moderada","RESULTADO":"75","TEMP_AGUA":"22"},{"DATA":"24\/03\/2026","CONDICAO":"PR\u00d3PRIO","CHUVA":"Ausente","RESULTADO":"20","TEMP_AGUA":"25"},{"DATA":"17\/03\/2026","CONDICAO":"PR\u00d3PRIO","CHUVA":"Ausente","RESULTADO":"63","TEMP_AGUA":"25"},{"DATA":"10\/03\/2026","CONDICAO":"PR\u00d3PRIO","CHUVA":"Fraca","RESULTADO":"158","TEMP_AGUA":"24"}]},{"CODIGO":"401","MUNICIPIO_COD_IBGE":"4204152","MUNICIPIO":"GOVERNADOR CELSO RAMOS","PONTO_NOME":"Ponto 19","BALNEARIO":"PRAIA DE PALMAS","LOCALIZACAO":"Em frente \u00e0 Rua dos L\u00edrios","LATITUDE":"-27.319722","LONGITUDE":"-48.539444","ANALISES":[{"DATA":"28\/04\/2026","CONDICAO":"PR\u00d3PRIO","CHUVA":"Ausente","RESULTADO":"85","TEMP_AGUA":"20"},{"DATA":"31\/03\/2026","CONDICAO":"PR\u00d3PRIO","CHUVA":"Moderada","RESULTADO":"110","TEMP_AGUA":"22"},{"DATA":"24\/03\/2026","CONDICAO":"PR\u00d3PRIO","CHUVA":"Ausente","RESULTADO":"10","TEMP_AGUA":"25"},{"DATA":"17\/03\/2026","CONDICAO":"PR\u00d3PRIO","CHUVA":"Ausente","RESULTADO":"52","TEMP_AGUA":"25"},{"DATA":"10\/03\/2026","CONDICAO":"PR\u00d3PRIO","CHUVA":"Fraca","RESULTADO":"52","TEMP_AGUA":"24"}]},{"CODIGO":"387","MUNICIPIO_COD_IBGE":"4212304","MUNICIPIO":"PAULO LOPES","PONTO_NOME":"Ponto 01","BALNEARIO":"PRAIA DA GUARDA DO EMBAU","LOCALIZACAO":"Frente ao cadeirao de Guarda-Vidas, na praia","LATITUDE":"-27.905939","LONGITUDE":"-48.588398","ANALISES":[{"DATA":"28\/04\/2026","CONDICAO":"PR\u00d3PRIO","CHUVA":"Ausente","RESULTADO":"161","TEMP_AGUA":"22"},{"DATA":"31\/03\/2026","CONDICAO":"PR\u00d3PRIO","CHUVA":"Moderada","RESULTADO":"313","TEMP_AGUA":"23"},{"DATA":"25\/03\/2026","CONDICAO":"PR\u00d3PRIO","CHUVA":"Ausente","RESULTADO":"181","TEMP_AGUA":"22"},{"DATA":"17\/03\/2026","CONDICAO":"PR\u00d3PRIO","CHUVA":"Ausente","RESULTADO":"10","TEMP_AGUA":"20"},{"DATA":"10\/03\/2026","CONDICAO":"PR\u00d3PRIO","CHUVA":"Moderada","RESULTADO":"173","TEMP_AGUA":"22"}]},{"CODIGO":"402","MUNICIPIO_COD_IBGE":"4204152","MUNICIPIO":"GOVERNADOR CELSO RAMOS","PONTO_NOME":"Ponto 20","BALNEARIO":"PRAIA DE PALMAS","LOCALIZACAO":"Na altura do n\u00b0819 da Avenida Atl\u00e2ntica","LATITUDE":"-27.313889","LONGITUDE":"-48.540000","ANALISES":[{"DATA":"28\/04\/2026","CONDICAO":"PR\u00d3PRIO","CHUVA":"Ausente","RESULTADO":"63","TEMP_AGUA":"20"},{"DATA":"31\/03\/2026","CONDICAO":"PR\u00d3PRIO","CHUVA":"Moderada","RESULTADO":"20","TEMP_AGUA":"22"},{"DATA":"24\/03\/2026","CONDICAO":"PR\u00d3PRIO","CHUVA":"Ausente","RESULTADO":"10","TEMP_AGUA":"25"},{"DATA":"17\/03\/2026","CONDICAO":"PR\u00d3PRIO","CHUVA":"Ausente","RESULTADO":"10","TEMP_AGUA":"25"},{"DATA":"10\/03\/2026","CONDICAO":"PR\u00d3PRIO","CHUVA":"Fraca","RESULTADO":"41","TEMP_AGUA":"24"}]},{"CODIGO":"404","MUNICIPIO_COD_IBGE":"4204152","MUNICIPIO":"GOVERNADOR CELSO RAMOS","PONTO_NOME":"Ponto 23","BALNEARIO":"PRAIA DAS CORDAS","LOCALIZACAO":"Em frente ao acesso de ve\u00edculos","LATITUDE":"-27.375833","LONGITUDE":"-48.530000","ANALISES":[{"DATA":"28\/04\/2026","CONDICAO":"PR\u00d3PRIO","CHUVA":"Ausente","RESULTADO":"20","TEMP_AGUA":"20"},{"DATA":"31\/03\/2026","CONDICAO":"PR\u00d3PRIO","CHUVA":"Moderada","RESULTADO":"10","TEMP_AGUA":"24"},{"DATA":"24\/03\/2026","CONDICAO":"PR\u00d3PRIO","CHUVA":"Ausente","RESULTADO":"10","TEMP_AGUA":"25"},{"DATA":"17\/03\/2026","CONDICAO":"PR\u00d3PRIO","CHUVA":"Ausente","RESULTADO":"10","TEMP_AGUA":"24"},{"DATA":"10\/03\/2026","CONDICAO":"PR\u00d3PRIO","CHUVA":"Fraca","RESULTADO":"10","TEMP_AGUA":"23"}]},{"CODIGO":"405","MUNICIPIO_COD_IBGE":"4204152","MUNICIPIO":"GOVERNADOR CELSO RAMOS","PONTO_NOME":"Ponto 24","BALNEARIO":"PRAIA GRANDE","LOCALIZACAO":"Em frente \u00e0 Rua das Gar\u00e7as","LATITUDE":"-27.360000","LONGITUDE":"-48.536667","ANALISES":[{"DATA":"28\/04\/2026","CONDICAO":"PR\u00d3PRIO","CHUVA":"Ausente","RESULTADO":"20","TEMP_AGUA":"19"},{"DATA":"31\/03\/2026","CONDICAO":"PR\u00d3PRIO","CHUVA":"Moderada","RESULTADO":"10","TEMP_AGUA":"24"},{"DATA":"24\/03\/2026","CONDICAO":"PR\u00d3PRIO","CHUVA":"Ausente","RESULTADO":"10","TEMP_AGUA":"24"},{"DATA":"17\/03\/2026","CONDICAO":"PR\u00d3PRIO","CHUVA":"Ausente","RESULTADO":"63","TEMP_AGUA":"25"},{"DATA":"10\/03\/2026","CONDICAO":"PR\u00d3PRIO","CHUVA":"Fraca","RESULTADO":"10","TEMP_AGUA":"23"}]},{"CODIGO":"406","MUNICIPIO_COD_IBGE":"4202453","MUNICIPIO":"BOMBINHAS","PONTO_NOME":"Ponto 10","BALNEARIO":"PRAIA DE ZIMBROS","LOCALIZACAO":"Em frente \u00e0 Rua Iju\u00ed","LATITUDE":"-27.180556","LONGITUDE":"-48.526111","ANALISES":[{"DATA":"27\/04\/2026","CONDICAO":"PR\u00d3PRIO","CHUVA":"Moderada","RESULTADO":"733","TEMP_AGUA":"22"},{"DATA":"30\/03\/2026","CONDICAO":"PR\u00d3PRIO","CHUVA":"Ausente","RESULTADO":"309","TEMP_AGUA":"22"},{"DATA":"24\/03\/2026","CONDICAO":"PR\u00d3PRIO","CHUVA":"Ausente","RESULTADO":"31","TEMP_AGUA":"25"},{"DATA":"16\/03\/2026","CONDICAO":"PR\u00d3PRIO","CHUVA":"Ausente","RESULTADO":"10","TEMP_AGUA":"26"},{"DATA":"09\/03\/2026","CONDICAO":"PR\u00d3PRIO","CHUVA":"Fraca","RESULTADO":"120","TEMP_AGUA":"24"}]},{"CODIGO":"407","MUNICIPIO_COD_IBGE":"4202453","MUNICIPIO":"BOMBINHAS","PONTO_NOME":"Ponto 11","BALNEARIO":"PRAIA DE MORRINHOS","LOCALIZACAO":"Frente \u00e0 Rua Alm\u00edscar","LATITUDE":"-27.185278","LONGITUDE":"-48.512500","ANALISES":[{"DATA":"27\/04\/2026","CONDICAO":"PR\u00d3PRIO","CHUVA":"Moderada","RESULTADO":"171","TEMP_AGUA":"23"},{"DATA":"30\/03\/2026","CONDICAO":"PR\u00d3PRIO","CHUVA":"Ausente","RESULTADO":"161","TEMP_AGUA":"23"},{"DATA":"24\/03\/2026","CONDICAO":"PR\u00d3PRIO","CHUVA":"Ausente","RESULTADO":"122","TEMP_AGUA":"25"},{"DATA":"16\/03\/2026","CONDICAO":"PR\u00d3PRIO","CHUVA":"Ausente","RESULTADO":"63","TEMP_AGUA":"26"},{"DATA":"09\/03\/2026","CONDICAO":"IMPR\u00d3PRIO","CHUVA":"Fraca","RESULTADO":"175","TEMP_AGUA":"24"}]},{"CODIGO":"408","MUNICIPIO_COD_IBGE":"4202453","MUNICIPIO":"BOMBINHAS","PONTO_NOME":"Ponto 12","BALNEARIO":"PRAIA DO CONCEI\u00c7\u00c3O","LOCALIZACAO":"Frente \u00e0 Rua Palmeira","LATITUDE":"-27.201944","LONGITUDE":"-48.490833","ANALISES":[{"DATA":"27\/04\/2026","CONDICAO":"PR\u00d3PRIO","CHUVA":"Moderada","RESULTADO":"63","TEMP_AGUA":"23"},{"DATA":"30\/03\/2026","CONDICAO":"PR\u00d3PRIO","CHUVA":"Ausente","RESULTADO":"10","TEMP_AGUA":"24"},{"DATA":"24\/03\/2026","CONDICAO":"PR\u00d3PRIO","CHUVA":"Ausente","RESULTADO":"110","TEMP_AGUA":"25"},{"DATA":"16\/03\/2026","CONDICAO":"PR\u00d3PRIO","CHUVA":"Ausente","RESULTADO":"31","TEMP_AGUA":"26"},{"DATA":"09\/03\/2026","CONDICAO":"PR\u00d3PRIO","CHUVA":"Fraca","RESULTADO":"63","TEMP_AGUA":"24"}]},{"CODIGO":"409","MUNICIPIO_COD_IBGE":"4202453","MUNICIPIO":"BOMBINHAS","PONTO_NOME":"Ponto 13","BALNEARIO":"PRAIA DO CANTO GRANDE (MAR DE FORA)","LOCALIZACAO":"Frente \u00e0 Rua Jacarand\u00e1","LATITUDE":"-27.198056","LONGITUDE":"-48.495278","ANALISES":[{"DATA":"27\/04\/2026","CONDICAO":"PR\u00d3PRIO","CHUVA":"Moderada","RESULTADO":"31","TEMP_AGUA":"23"},{"DATA":"30\/03\/2026","CONDICAO":"PR\u00d3PRIO","CHUVA":"Ausente","RESULTADO":"10","TEMP_AGUA":"24"},{"DATA":"24\/03\/2026","CONDICAO":"PR\u00d3PRIO","CHUVA":"Ausente","RESULTADO":"10","TEMP_AGUA":"25"},{"DATA":"16\/03\/2026","CONDICAO":"PR\u00d3PRIO","CHUVA":"Ausente","RESULTADO":"41","TEMP_AGUA":"26"},{"DATA":"09\/03\/2026","CONDICAO":"PR\u00d3PRIO","CHUVA":"Fraca","RESULTADO":"10","TEMP_AGUA":"24"}]},{"CODIGO":"410","MUNICIPIO_COD_IBGE":"4202453","MUNICIPIO":"BOMBINHAS","PONTO_NOME":"Ponto 14","BALNEARIO":"PRAIA DO CANTO GRANDE (MAR DE FORA)","LOCALIZACAO":"Em frente \u00e0 Rua Canela","LATITUDE":"-27.184722","LONGITUDE":"-48.499444","ANALISES":[{"DATA":"27\/04\/2026","CONDICAO":"PR\u00d3PRIO","CHUVA":"Moderada","RESULTADO":"20","TEMP_AGUA":"23"},{"DATA":"30\/03\/2026","CONDICAO":"PR\u00d3PRIO","CHUVA":"Ausente","RESULTADO":"10","TEMP_AGUA":"23"},{"DATA":"24\/03\/2026","CONDICAO":"PR\u00d3PRIO","CHUVA":"Ausente","RESULTADO":"10","TEMP_AGUA":"25"},{"DATA":"16\/03\/2026","CONDICAO":"PR\u00d3PRIO","CHUVA":"Ausente","RESULTADO":"10","TEMP_AGUA":"26"},{"DATA":"09\/03\/2026","CONDICAO":"PR\u00d3PRIO","CHUVA":"Fraca","RESULTADO":"10","TEMP_AGUA":"24"}]},{"CODIGO":"411","MUNICIPIO_COD_IBGE":"4202453","MUNICIPIO":"BOMBINHAS","PONTO_NOME":"Ponto 15","BALNEARIO":"PRAIA DO CANTO GRANDE (MAR DE FORA)","LOCALIZACAO":"Em frente \u00e0 Rua Ac\u00e1cia Negra","LATITUDE":"-27.177222","LONGITUDE":"-48.499722","ANALISES":[{"DATA":"27\/04\/2026","CONDICAO":"PR\u00d3PRIO","CHUVA":"Moderada","RESULTADO":"10","TEMP_AGUA":"23"},{"DATA":"30\/03\/2026","CONDICAO":"PR\u00d3PRIO","CHUVA":"Ausente","RESULTADO":"20","TEMP_AGUA":"23"},{"DATA":"24\/03\/2026","CONDICAO":"PR\u00d3PRIO","CHUVA":"Ausente","RESULTADO":"10","TEMP_AGUA":"25"},{"DATA":"16\/03\/2026","CONDICAO":"PR\u00d3PRIO","CHUVA":"Ausente","RESULTADO":"20","TEMP_AGUA":"26"},{"DATA":"09\/03\/2026","CONDICAO":"PR\u00d3PRIO","CHUVA":"Fraca","RESULTADO":"10","TEMP_AGUA":"24"}]},{"CODIGO":"412","MUNICIPIO_COD_IBGE":"4202453","MUNICIPIO":"BOMBINHAS","PONTO_NOME":"Ponto 16","BALNEARIO":"PRAIA DE QUATRO ILHAS","LOCALIZACAO":"Frente \u00e0 Rua Ilha Itamarac\u00e1","LATITUDE":"-27.155000","LONGITUDE":"-48.483889","ANALISES":[{"DATA":"27\/04\/2026","CONDICAO":"PR\u00d3PRIO","CHUVA":"Moderada","RESULTADO":"10","TEMP_AGUA":"23"},{"DATA":"30\/03\/2026","CONDICAO":"PR\u00d3PRIO","CHUVA":"Ausente","RESULTADO":"10","TEMP_AGUA":"21"},{"DATA":"24\/03\/2026","CONDICAO":"PR\u00d3PRIO","CHUVA":"Ausente","RESULTADO":"10","TEMP_AGUA":"25"},{"DATA":"16\/03\/2026","CONDICAO":"PR\u00d3PRIO","CHUVA":"Ausente","RESULTADO":"10","TEMP_AGUA":"25"},{"DATA":"09\/03\/2026","CONDICAO":"PR\u00d3PRIO","CHUVA":"Fraca","RESULTADO":"20","TEMP_AGUA":"24"}]},{"CODIGO":"413","MUNICIPIO_COD_IBGE":"4202453","MUNICIPIO":"BOMBINHAS","PONTO_NOME":"Ponto 17","BALNEARIO":"PRAIA DO RETIRO DOS PADRES","LOCALIZACAO":"Final da Avenida Das Garoupas","LATITUDE":"-27.144722","LONGITUDE":"-48.476667","ANALISES":[{"DATA":"27\/04\/2026","CONDICAO":"PR\u00d3PRIO","CHUVA":"Moderada","RESULTADO":"31","TEMP_AGUA":"23"},{"DATA":"30\/03\/2026","CONDICAO":"PR\u00d3PRIO","CHUVA":"Ausente","RESULTADO":"41","TEMP_AGUA":"26"},{"DATA":"24\/03\/2026","CONDICAO":"PR\u00d3PRIO","CHUVA":"Ausente","RESULTADO":"10","TEMP_AGUA":"25"},{"DATA":"16\/03\/2026","CONDICAO":"PR\u00d3PRIO","CHUVA":"Ausente","RESULTADO":"20","TEMP_AGUA":"26"},{"DATA":"09\/03\/2026","CONDICAO":"PR\u00d3PRIO","CHUVA":"Fraca","RESULTADO":"85","TEMP_AGUA":"25"}]},{"CODIGO":"388","MUNICIPIO_COD_IBGE":"4208450","MUNICIPIO":"ITAPO\u00c1","PONTO_NOME":"Ponto 06","BALNEARIO":"Praia do Pontal do Norte","LOCALIZACAO":"\u00c0 esquerda do Farol do Pontal, pr\u00f3ximo ao Posto de Salva Vidas","LATITUDE":"-26.173924","LONGITUDE":"-48.585875","ANALISES":[{"DATA":"28\/04\/2026","CONDICAO":"PR\u00d3PRIO","CHUVA":"Ausente","RESULTADO":"860","TEMP_AGUA":"24"},{"DATA":"31\/03\/2026","CONDICAO":"PR\u00d3PRIO","CHUVA":"Moderada","RESULTADO":"84","TEMP_AGUA":"26"},{"DATA":"25\/03\/2026","CONDICAO":"PR\u00d3PRIO","CHUVA":"Ausente","RESULTADO":"10","TEMP_AGUA":"26"},{"DATA":"17\/03\/2026","CONDICAO":"PR\u00d3PRIO","CHUVA":"Ausente","RESULTADO":"52","TEMP_AGUA":"27"},{"DATA":"10\/03\/2026","CONDICAO":"PR\u00d3PRIO","CHUVA":"Fraca","RESULTADO":"10","TEMP_AGUA":"26"}]},{"CODIGO":"139","MUNICIPIO_COD_IBGE":"4208450","MUNICIPIO":"ITAPO\u00c1","PONTO_NOME":"Ponto 04","BALNEARIO":"PRAIA DE ITAPO\u00c1","LOCALIZACAO":"Balne\u00e1rio Barra do Sa\u00ed, em frente \u00e0 Rua 20 Alcinei Avanzi","LATITUDE":"-26.0074182771805","LONGITUDE":"-48.604323398228715","ANALISES":[{"DATA":"28\/04\/2026","CONDICAO":"PR\u00d3PRIO","CHUVA":"Ausente","RESULTADO":"20","TEMP_AGUA":"24"},{"DATA":"31\/03\/2026","CONDICAO":"PR\u00d3PRIO","CHUVA":"Moderada","RESULTADO":"10","TEMP_AGUA":"26"},{"DATA":"25\/03\/2026","CONDICAO":"PR\u00d3PRIO","CHUVA":"Ausente","RESULTADO":"10","TEMP_AGUA":"27"},{"DATA":"17\/03\/2026","CONDICAO":"PR\u00d3PRIO","CHUVA":"Ausente","RESULTADO":"10","TEMP_AGUA":"27"},{"DATA":"10\/03\/2026","CONDICAO":"PR\u00d3PRIO","CHUVA":"Fraca","RESULTADO":"75","TEMP_AGUA":"26"}]},{"CODIGO":"359","MUNICIPIO_COD_IBGE":"4211900","MUNICIPIO":"PALHO\u00c7A","PONTO_NOME":"Ponto 06","BALNEARIO":"PRAIA DA PINHEIRA","LOCALIZACAO":"Avenida Cardida Freitas da Rosa, em frente ao Posto de Salva Vidas","LATITUDE":"-27.860287","LONGITUDE":" -48.600424","ANALISES":[{"DATA":"28\/04\/2026","CONDICAO":"PR\u00d3PRIO","CHUVA":"Ausente","RESULTADO":"135","TEMP_AGUA":"22"},{"DATA":"31\/03\/2026","CONDICAO":"PR\u00d3PRIO","CHUVA":"Moderada","RESULTADO":"132","TEMP_AGUA":"21"},{"DATA":"25\/03\/2026","CONDICAO":"PR\u00d3PRIO","CHUVA":"Ausente","RESULTADO":"10","TEMP_AGUA":"20"},{"DATA":"17\/03\/2026","CONDICAO":"PR\u00d3PRIO","CHUVA":"Ausente","RESULTADO":"10","TEMP_AGUA":"22"},{"DATA":"10\/03\/2026","CONDICAO":"PR\u00d3PRIO","CHUVA":"Moderada","RESULTADO":"10","TEMP_AGUA":"21"}]},{"CODIGO":"370","MUNICIPIO_COD_IBGE":"4205407","MUNICIPIO":"FLORIAN\u00d3POLIS","PONTO_NOME":"Ponto 86","BALNEARIO":"PRAIA DA LAGOINHA","LOCALIZACAO":"Estrada Jornalista Jaime de Arruda Ramos, altura do n\u00b01946 A","LATITUDE":"-27.388906","LONGITUDE":"-48.426678","ANALISES":[{"DATA":"27\/04\/2026","CONDICAO":"PR\u00d3PRIO","CHUVA":"Intensa","RESULTADO":"10","TEMP_AGUA":"23"},{"DATA":"30\/03\/2026","CONDICAO":"PR\u00d3PRIO","CHUVA":"Ausente","RESULTADO":"10","TEMP_AGUA":"25"},{"DATA":"24\/03\/2026","CONDICAO":"PR\u00d3PRIO","CHUVA":"Fraca","RESULTADO":"243","TEMP_AGUA":"26"},{"DATA":"16\/03\/2026","CONDICAO":"PR\u00d3PRIO","CHUVA":"Ausente","RESULTADO":"10","TEMP_AGUA":"26"},{"DATA":"09\/03\/2026","CONDICAO":"PR\u00d3PRIO","CHUVA":"Intensa","RESULTADO":"10","TEMP_AGUA":"25"}]},{"CODIGO":"144","MUNICIPIO_COD_IBGE":"4216206","MUNICIPIO":"S\u00c3O FRANCISCO DO SUL","PONTO_NOME":"Ponto 03","BALNEARIO":"PRAIA DE ITAGUA\u00c7\u00da","LOCALIZACAO":"Em frente \u00e0 Rua Manila, pr\u00f3ximo ao Posto de Salva Vidas","LATITUDE":"-26.190063","LONGITUDE":"-48.528095","ANALISES":[{"DATA":"28\/04\/2026","CONDICAO":"PR\u00d3PRIO","CHUVA":"Fraca","RESULTADO":"98","TEMP_AGUA":"23"},{"DATA":"31\/03\/2026","CONDICAO":"PR\u00d3PRIO","CHUVA":"Fraca","RESULTADO":"253","TEMP_AGUA":"24"},{"DATA":"25\/03\/2026","CONDICAO":"PR\u00d3PRIO","CHUVA":"Ausente","RESULTADO":"10","TEMP_AGUA":"23"},{"DATA":"17\/03\/2026","CONDICAO":"PR\u00d3PRIO","CHUVA":"Ausente","RESULTADO":"20","TEMP_AGUA":"26"},{"DATA":"10\/03\/2026","CONDICAO":"PR\u00d3PRIO","CHUVA":"Fraca","RESULTADO":"201","TEMP_AGUA":"24"}]},{"CODIGO":"296","MUNICIPIO_COD_IBGE":"4209409","MUNICIPIO":"LAGUNA","PONTO_NOME":"Ponto 07","BALNEARIO":"PRAINHA DO FAROL","LOCALIZACAO":"Na entrada da praia","LATITUDE":"-28.602376","LONGITUDE":"-48.815708","ANALISES":[{"DATA":"28\/04\/2026","CONDICAO":"PR\u00d3PRIO","CHUVA":"Ausente","RESULTADO":"20","TEMP_AGUA":"21"},{"DATA":"31\/03\/2026","CONDICAO":"PR\u00d3PRIO","CHUVA":"Fraca","RESULTADO":"10","TEMP_AGUA":"22"},{"DATA":"24\/03\/2026","CONDICAO":"PR\u00d3PRIO","CHUVA":"Fraca","RESULTADO":"10","TEMP_AGUA":"19"},{"DATA":"17\/03\/2026","CONDICAO":"PR\u00d3PRIO","CHUVA":"Ausente","RESULTADO":"52","TEMP_AGUA":"20"},{"DATA":"10\/03\/2026","CONDICAO":"PR\u00d3PRIO","CHUVA":"Fraca","RESULTADO":"122","TEMP_AGUA":"21"}]},{"CODIGO":"362","MUNICIPIO_COD_IBGE":"4207304","MUNICIPIO":"IMBITUBA","PONTO_NOME":"Ponto 08","BALNEARIO":"PRAIA DO PORTO","LOCALIZACAO":"Esquerda do molhe central","LATITUDE":"-28.222205065581782","LONGITUDE":"-48.66378507671632","ANALISES":[{"DATA":"28\/04\/2026","CONDICAO":"PR\u00d3PRIO","CHUVA":"Ausente","RESULTADO":"52","TEMP_AGUA":"21"},{"DATA":"31\/03\/2026","CONDICAO":"PR\u00d3PRIO","CHUVA":"Moderada","RESULTADO":"1723","TEMP_AGUA":"21"},{"DATA":"24\/03\/2026","CONDICAO":"PR\u00d3PRIO","CHUVA":"Fraca","RESULTADO":"20","TEMP_AGUA":"19"},{"DATA":"17\/03\/2026","CONDICAO":"PR\u00d3PRIO","CHUVA":"Ausente","RESULTADO":"41","TEMP_AGUA":"21"},{"DATA":"10\/03\/2026","CONDICAO":"PR\u00d3PRIO","CHUVA":"Moderada","RESULTADO":"309","TEMP_AGUA":"21"}]},{"CODIGO":"363","MUNICIPIO_COD_IBGE":"4202008","MUNICIPIO":"BALNE\u00c1RIO CAMBORI\u00da","PONTO_NOME":"Ponto 15","BALNEARIO":"PRAIA DO ESTALEIRINHO","LOCALIZACAO":"Em frente \u00e0 Rua Jos\u00e9 Amaro da Cunha","LATITUDE":"-27.048723","LONGITUDE":"-48.587681","ANALISES":[{"DATA":"27\/04\/2026","CONDICAO":"PR\u00d3PRIO","CHUVA":"Moderada","RESULTADO":"10","TEMP_AGUA":"23"},{"DATA":"30\/03\/2026","CONDICAO":"PR\u00d3PRIO","CHUVA":"Ausente","RESULTADO":"10","TEMP_AGUA":"26"},{"DATA":"24\/03\/2026","CONDICAO":"PR\u00d3PRIO","CHUVA":"Fraca","RESULTADO":"10","TEMP_AGUA":"27"},{"DATA":"16\/03\/2026","CONDICAO":"PR\u00d3PRIO","CHUVA":"Ausente","RESULTADO":"10","TEMP_AGUA":"25"},{"DATA":"09\/03\/2026","CONDICAO":"PR\u00d3PRIO","CHUVA":"Moderada","RESULTADO":"107","TEMP_AGUA":"25"}]},{"CODIGO":"364","MUNICIPIO_COD_IBGE":"4205704","MUNICIPIO":"GAROPABA","PONTO_NOME":"PONTO 05","BALNEARIO":"PRAIA DA VIGIA","LOCALIZACAO":"Em frente ao acesso principal","LATITUDE":"-28.019234","LONGITUDE":"-48.610119","ANALISES":[{"DATA":"28\/04\/2026","CONDICAO":"PR\u00d3PRIO","CHUVA":"Ausente","RESULTADO":"20","TEMP_AGUA":"21"},{"DATA":"31\/03\/2026","CONDICAO":"PR\u00d3PRIO","CHUVA":"Moderada","RESULTADO":"305","TEMP_AGUA":"20"},{"DATA":"24\/03\/2026","CONDICAO":"PR\u00d3PRIO","CHUVA":"Fraca","RESULTADO":"175","TEMP_AGUA":"21"},{"DATA":"17\/03\/2026","CONDICAO":"PR\u00d3PRIO","CHUVA":"Ausente","RESULTADO":"20","TEMP_AGUA":"23"},{"DATA":"10\/03\/2026","CONDICAO":"PR\u00d3PRIO","CHUVA":"Moderada","RESULTADO":"52","TEMP_AGUA":"20"}]},{"CODIGO":"365","MUNICIPIO_COD_IBGE":"4211900","MUNICIPIO":"PALHO\u00c7A","PONTO_NOME":"PONTO 07","BALNEARIO":"PRAIA DE FORA","LOCALIZACAO":"Em frente a Rua Girassol","LATITUDE":"-27.746496","LONGITUDE":"-48.627654","ANALISES":[{"DATA":"28\/04\/2026","CONDICAO":"PR\u00d3PRIO","CHUVA":"Ausente","RESULTADO":"31","TEMP_AGUA":"23"},{"DATA":"31\/03\/2026","CONDICAO":"PR\u00d3PRIO","CHUVA":"Moderada","RESULTADO":"98","TEMP_AGUA":"27"},{"DATA":"25\/03\/2026","CONDICAO":"PR\u00d3PRIO","CHUVA":"Ausente","RESULTADO":"74","TEMP_AGUA":"27"},{"DATA":"17\/03\/2026","CONDICAO":"PR\u00d3PRIO","CHUVA":"Ausente","RESULTADO":"108","TEMP_AGUA":"23"},{"DATA":"10\/03\/2026","CONDICAO":"PR\u00d3PRIO","CHUVA":"Moderada","RESULTADO":"31","TEMP_AGUA":"23"}]},{"CODIGO":"366","MUNICIPIO_COD_IBGE":"4208302","MUNICIPIO":"ITAPEMA","PONTO_NOME":"PONTO 10","BALNEARIO":"PRAIA DO PORTO","LOCALIZACAO":"Em frente \u00e0 Rua n\u00b01100","LATITUDE":"-27.062169","LONGITUDE":"-48.593891","ANALISES":[{"DATA":"27\/04\/2026","CONDICAO":"PR\u00d3PRIO","CHUVA":"Moderada","RESULTADO":"119","TEMP_AGUA":"23"},{"DATA":"30\/03\/2026","CONDICAO":"PR\u00d3PRIO","CHUVA":"Ausente","RESULTADO":"771","TEMP_AGUA":"26"},{"DATA":"24\/03\/2026","CONDICAO":"PR\u00d3PRIO","CHUVA":"Fraca","RESULTADO":"63","TEMP_AGUA":"26"},{"DATA":"16\/03\/2026","CONDICAO":"PR\u00d3PRIO","CHUVA":"Ausente","RESULTADO":"10","TEMP_AGUA":"25"},{"DATA":"09\/03\/2026","CONDICAO":"PR\u00d3PRIO","CHUVA":"Moderada","RESULTADO":"1376","TEMP_AGUA":"23"}]},{"CODIGO":"367","MUNICIPIO_COD_IBGE":"4202453","MUNICIPIO":"BOMBINHAS","PONTO_NOME":"Ponto 09","BALNEARIO":"PRAIA DE ZIMBROS","LOCALIZACAO":"Em frente \u00e0 Rua Rio Madeira","LATITUDE":"-27.180233","LONGITUDE":"-48.531372","ANALISES":[{"DATA":"27\/04\/2026","CONDICAO":"PR\u00d3PRIO","CHUVA":"Moderada","RESULTADO":"63","TEMP_AGUA":"22"},{"DATA":"30\/03\/2026","CONDICAO":"PR\u00d3PRIO","CHUVA":"Ausente","RESULTADO":"63","TEMP_AGUA":"22"},{"DATA":"24\/03\/2026","CONDICAO":"PR\u00d3PRIO","CHUVA":"Ausente","RESULTADO":"318","TEMP_AGUA":"25"},{"DATA":"16\/03\/2026","CONDICAO":"PR\u00d3PRIO","CHUVA":"Ausente","RESULTADO":"31","TEMP_AGUA":"26"},{"DATA":"09\/03\/2026","CONDICAO":"PR\u00d3PRIO","CHUVA":"Fraca","RESULTADO":"714","TEMP_AGUA":"24"}]},{"CODIGO":"368","MUNICIPIO_COD_IBGE":"4205407","MUNICIPIO":"FLORIAN\u00d3POLIS","PONTO_NOME":"PONTO 84","BALNEARIO":"PRAIA DA DANIELA","LOCALIZACAO":"Em frente \u00e0 Rua das Hort\u00eancias","LATITUDE":"-27.447736","LONGITUDE":"-48.535576","ANALISES":[{"DATA":"27\/04\/2026","CONDICAO":"PR\u00d3PRIO","CHUVA":"Intensa","RESULTADO":"144","TEMP_AGUA":"25"},{"DATA":"30\/03\/2026","CONDICAO":"PR\u00d3PRIO","CHUVA":"Ausente","RESULTADO":"10","TEMP_AGUA":"27"},{"DATA":"24\/03\/2026","CONDICAO":"PR\u00d3PRIO","CHUVA":"Fraca","RESULTADO":"98","TEMP_AGUA":"27"},{"DATA":"16\/03\/2026","CONDICAO":"PR\u00d3PRIO","CHUVA":"Ausente","RESULTADO":"160","TEMP_AGUA":"27"},{"DATA":"09\/03\/2026","CONDICAO":"PR\u00d3PRIO","CHUVA":"Intensa","RESULTADO":"119","TEMP_AGUA":"25"}]},{"CODIGO":"369","MUNICIPIO_COD_IBGE":"4205407","MUNICIPIO":"FLORIAN\u00d3POLIS","PONTO_NOME":"Ponto 85","BALNEARIO":"PRAIA DE JURERE INTERNACIONAL","LOCALIZACAO":"Em frente \u00e0 Avenida dos Pampos","LATITUDE":"-27.434600","LONGITUDE":"-48.508773","ANALISES":[{"DATA":"27\/04\/2026","CONDICAO":"PR\u00d3PRIO","CHUVA":"Intensa","RESULTADO":"41","TEMP_AGUA":"25"},{"DATA":"30\/03\/2026","CONDICAO":"PR\u00d3PRIO","CHUVA":"Ausente","RESULTADO":"31","TEMP_AGUA":"27"},{"DATA":"24\/03\/2026","CONDICAO":"PR\u00d3PRIO","CHUVA":"Fraca","RESULTADO":"85","TEMP_AGUA":"27"},{"DATA":"16\/03\/2026","CONDICAO":"PR\u00d3PRIO","CHUVA":"Ausente","RESULTADO":"135","TEMP_AGUA":"27"},{"DATA":"09\/03\/2026","CONDICAO":"PR\u00d3PRIO","CHUVA":"Intensa","RESULTADO":"20","TEMP_AGUA":"25"}]},{"CODIGO":"371","MUNICIPIO_COD_IBGE":"4205407","MUNICIPIO":"FLORIAN\u00d3POLIS","PONTO_NOME":"Ponto 87","BALNEARIO":"PRAIA DO MOCAMBIQUE","LOCALIZACAO":"Na Rodovia SC 406, altura do km 10.5, em frente ao acesso","LATITUDE":"-27.523014","LONGITUDE":"-48.416498","ANALISES":[{"DATA":"28\/04\/2026","CONDICAO":"PR\u00d3PRIO","CHUVA":"Ausente","RESULTADO":"10","TEMP_AGUA":"22"},{"DATA":"31\/03\/2026","CONDICAO":"PR\u00d3PRIO","CHUVA":"Moderada","RESULTADO":"20","TEMP_AGUA":"22"},{"DATA":"25\/03\/2026","CONDICAO":"PR\u00d3PRIO","CHUVA":"Ausente","RESULTADO":"41","TEMP_AGUA":"22"},{"DATA":"17\/03\/2026","CONDICAO":"PR\u00d3PRIO","CHUVA":"Ausente","RESULTADO":"10","TEMP_AGUA":"20"},{"DATA":"10\/03\/2026","CONDICAO":"PR\u00d3PRIO","CHUVA":"Moderada","RESULTADO":"10","TEMP_AGUA":"23"}]},{"CODIGO":"385","MUNICIPIO_COD_IBGE":"4204152","MUNICIPIO":"GOVERNADOR CELSO RAMOS","PONTO_NOME":"Ponto 14","BALNEARIO":"PRAIA DE PALMAS","LOCALIZACAO":"Em frente \u00e0 Rua das Samambaias","LATITUDE":"-27.31637245418821","LONGITUDE":"-48.5395870085011","ANALISES":[{"DATA":"28\/04\/2026","CONDICAO":"PR\u00d3PRIO","CHUVA":"Ausente","RESULTADO":"96","TEMP_AGUA":"20"},{"DATA":"31\/03\/2026","CONDICAO":"PR\u00d3PRIO","CHUVA":"Moderada","RESULTADO":"1785","TEMP_AGUA":"22"},{"DATA":"24\/03\/2026","CONDICAO":"PR\u00d3PRIO","CHUVA":"Ausente","RESULTADO":"10","TEMP_AGUA":"25"},{"DATA":"17\/03\/2026","CONDICAO":"PR\u00d3PRIO","CHUVA":"Ausente","RESULTADO":"10","TEMP_AGUA":"25"},{"DATA":"10\/03\/2026","CONDICAO":"PR\u00d3PRIO","CHUVA":"Fraca","RESULTADO":"63","TEMP_AGUA":"24"}]},{"CODIGO":"372","MUNICIPIO_COD_IBGE":"4205407","MUNICIPIO":"FLORIAN\u00d3POLIS","PONTO_NOME":"PONTO 88","BALNEARIO":"PRAIA DA BARRA DA LAGOA","LOCALIZACAO":"Em frente \u00e0 Rua Aconchego do Mar","LATITUDE":"-27.571432","LONGITUDE":"-48.426835","ANALISES":[{"DATA":"28\/04\/2026","CONDICAO":"PR\u00d3PRIO","CHUVA":"Ausente","RESULTADO":"30","TEMP_AGUA":"22"},{"DATA":"31\/03\/2026","CONDICAO":"PR\u00d3PRIO","CHUVA":"Moderada","RESULTADO":"52","TEMP_AGUA":"22"},{"DATA":"25\/03\/2026","CONDICAO":"PR\u00d3PRIO","CHUVA":"Ausente","RESULTADO":"10","TEMP_AGUA":"22"},{"DATA":"17\/03\/2026","CONDICAO":"PR\u00d3PRIO","CHUVA":"Ausente","RESULTADO":"10","TEMP_AGUA":"20"},{"DATA":"10\/03\/2026","CONDICAO":"PR\u00d3PRIO","CHUVA":"Moderada","RESULTADO":"52","TEMP_AGUA":"23"}]},{"CODIGO":"373","MUNICIPIO_COD_IBGE":"4205407","MUNICIPIO":"FLORIAN\u00d3POLIS","PONTO_NOME":"PONTO 89","BALNEARIO":"PRAIA DO CAMPECHE","LOCALIZACAO":"Rua Jer\u00f4nimo Ven\u00e2ncio das Chagas, em frente \u00e0 passarela de acesso","LATITUDE":"-27.665972","LONGITUDE":"-48.475114","ANALISES":[{"DATA":"28\/04\/2026","CONDICAO":"PR\u00d3PRIO","CHUVA":"Ausente","RESULTADO":"20","TEMP_AGUA":"22"},{"DATA":"31\/03\/2026","CONDICAO":"PR\u00d3PRIO","CHUVA":"Moderada","RESULTADO":"10","TEMP_AGUA":"22"},{"DATA":"25\/03\/2026","CONDICAO":"PR\u00d3PRIO","CHUVA":"Ausente","RESULTADO":"10","TEMP_AGUA":"21"},{"DATA":"17\/03\/2026","CONDICAO":"PR\u00d3PRIO","CHUVA":"Ausente","RESULTADO":"10","TEMP_AGUA":"20"},{"DATA":"10\/03\/2026","CONDICAO":"PR\u00d3PRIO","CHUVA":"Moderada","RESULTADO":"10","TEMP_AGUA":"23"}]},{"CODIGO":"374","MUNICIPIO_COD_IBGE":"4205407","MUNICIPIO":"FLORIAN\u00d3POLIS","PONTO_NOME":"PONTO 90","BALNEARIO":"PRAIA DO CAMPECHE","LOCALIZACAO":"Nas Areias do Campeche, em frente \u00e0 Rua Lomba do Sab\u00e3o","LATITUDE":"-27.697651","LONGITUDE":"-48.489861","ANALISES":[{"DATA":"28\/04\/2026","CONDICAO":"PR\u00d3PRIO","CHUVA":"Ausente","RESULTADO":"30","TEMP_AGUA":"21"},{"DATA":"31\/03\/2026","CONDICAO":"PR\u00d3PRIO","CHUVA":"Moderada","RESULTADO":"10","TEMP_AGUA":"22"},{"DATA":"25\/03\/2026","CONDICAO":"PR\u00d3PRIO","CHUVA":"Ausente","RESULTADO":"10","TEMP_AGUA":"21"},{"DATA":"17\/03\/2026","CONDICAO":"PR\u00d3PRIO","CHUVA":"Ausente","RESULTADO":"10","TEMP_AGUA":"20"},{"DATA":"10\/03\/2026","CONDICAO":"PR\u00d3PRIO","CHUVA":"Moderada","RESULTADO":"10","TEMP_AGUA":"23"}]},{"CODIGO":"375","MUNICIPIO_COD_IBGE":"4205407","MUNICIPIO":"FLORIAN\u00d3POLIS","PONTO_NOME":"PONTO 91","BALNEARIO":"PRAIA DO MORRO DAS PEDRAS","LOCALIZACAO":"Na Rodovia Francisco Thomaz dos Santos (SC 406), n\u00b02089","LATITUDE":"-27.717623","LONGITUDE":" -48.503583","ANALISES":[{"DATA":"28\/04\/2026","CONDICAO":"PR\u00d3PRIO","CHUVA":"Ausente","RESULTADO":"10","TEMP_AGUA":"21"},{"DATA":"31\/03\/2026","CONDICAO":"PR\u00d3PRIO","CHUVA":"Moderada","RESULTADO":"317","TEMP_AGUA":"22"},{"DATA":"25\/03\/2026","CONDICAO":"PR\u00d3PRIO","CHUVA":"Ausente","RESULTADO":"10","TEMP_AGUA":"20"},{"DATA":"17\/03\/2026","CONDICAO":"PR\u00d3PRIO","CHUVA":"Ausente","RESULTADO":"10","TEMP_AGUA":"20"},{"DATA":"10\/03\/2026","CONDICAO":"PR\u00d3PRIO","CHUVA":"Moderada","RESULTADO":"20","TEMP_AGUA":"23"}]},{"CODIGO":"376","MUNICIPIO_COD_IBGE":"4205407","MUNICIPIO":"FLORIAN\u00d3POLIS","PONTO_NOME":"PONTO 93","BALNEARIO":"PRAIA DO PANTANO DO SUL","LOCALIZACAO":"Em frente \u00e0 Rua Jos\u00e9 Corr\u00eaa Hulse","LATITUDE":"-27.784631","LONGITUDE":"-48.525464","ANALISES":[{"DATA":"28\/04\/2026","CONDICAO":"PR\u00d3PRIO","CHUVA":"Ausente","RESULTADO":"10","TEMP_AGUA":"21"},{"DATA":"31\/03\/2026","CONDICAO":"PR\u00d3PRIO","CHUVA":"Moderada","RESULTADO":"10","TEMP_AGUA":"20"},{"DATA":"25\/03\/2026","CONDICAO":"PR\u00d3PRIO","CHUVA":"Ausente","RESULTADO":"10","TEMP_AGUA":"20"},{"DATA":"17\/03\/2026","CONDICAO":"PR\u00d3PRIO","CHUVA":"Ausente","RESULTADO":"10","TEMP_AGUA":"19"},{"DATA":"10\/03\/2026","CONDICAO":"PR\u00d3PRIO","CHUVA":"Moderada","RESULTADO":"10","TEMP_AGUA":"23"}]},{"CODIGO":"377","MUNICIPIO_COD_IBGE":"4205407","MUNICIPIO":"FLORIAN\u00d3POLIS","PONTO_NOME":"PONTO 92","BALNEARIO":"PRAIA DA ARMA\u00c7\u00c3O DO P\u00c2NTANO DO SUL","LOCALIZACAO":"Em frente \u00e0 Lagoa do Peri, Praia do Caldeir\u00e3o","LATITUDE":"-27.726850","LONGITUDE":" -48.506814","ANALISES":[{"DATA":"28\/04\/2026","CONDICAO":"PR\u00d3PRIO","CHUVA":"Ausente","RESULTADO":"10","TEMP_AGUA":"21"},{"DATA":"31\/03\/2026","CONDICAO":"PR\u00d3PRIO","CHUVA":"Moderada","RESULTADO":"10","TEMP_AGUA":"22"},{"DATA":"25\/03\/2026","CONDICAO":"PR\u00d3PRIO","CHUVA":"Ausente","RESULTADO":"10","TEMP_AGUA":"20"},{"DATA":"17\/03\/2026","CONDICAO":"PR\u00d3PRIO","CHUVA":"Ausente","RESULTADO":"10","TEMP_AGUA":"20"},{"DATA":"10\/03\/2026","CONDICAO":"PR\u00d3PRIO","CHUVA":"Moderada","RESULTADO":"10","TEMP_AGUA":"23"}]},{"CODIGO":"142","MUNICIPIO_COD_IBGE":"4216206","MUNICIPIO":"S\u00c3O FRANCISCO DO SUL","PONTO_NOME":"Ponto 02","BALNEARIO":"PRAIA DA ENSEADA","LOCALIZACAO":"Em frente \u00e0 Rua Minas Gerais","LATITUDE":"-26.226304","LONGITUDE":"-48.504591","ANALISES":[{"DATA":"28\/04\/2026","CONDICAO":"PR\u00d3PRIO","CHUVA":"Fraca","RESULTADO":"63","TEMP_AGUA":"23"},{"DATA":"31\/03\/2026","CONDICAO":"PR\u00d3PRIO","CHUVA":"Fraca","RESULTADO":"10","TEMP_AGUA":"23"},{"DATA":"25\/03\/2026","CONDICAO":"PR\u00d3PRIO","CHUVA":"Ausente","RESULTADO":"73","TEMP_AGUA":"23"},{"DATA":"17\/03\/2026","CONDICAO":"PR\u00d3PRIO","CHUVA":"Ausente","RESULTADO":"10","TEMP_AGUA":"26"},{"DATA":"10\/03\/2026","CONDICAO":"PR\u00d3PRIO","CHUVA":"Fraca","RESULTADO":"52","TEMP_AGUA":"24"}]},{"CODIGO":"141","MUNICIPIO_COD_IBGE":"4216206","MUNICIPIO":"S\u00c3O FRANCISCO DO SUL","PONTO_NOME":"Ponto 01","BALNEARIO":"PRAIA DA ENSEADA","LOCALIZACAO":"Avenida Atl\u00e2ntica, em frente ao n\u00b0848, pr\u00f3ximo ao Posto de Salva Vidas","LATITUDE":"-26.226319","LONGITUDE":"-48.50877","ANALISES":[{"DATA":"28\/04\/2026","CONDICAO":"PR\u00d3PRIO","CHUVA":"Fraca","RESULTADO":"20","TEMP_AGUA":"23"},{"DATA":"31\/03\/2026","CONDICAO":"PR\u00d3PRIO","CHUVA":"Fraca","RESULTADO":"20","TEMP_AGUA":"22"},{"DATA":"25\/03\/2026","CONDICAO":"PR\u00d3PRIO","CHUVA":"Ausente","RESULTADO":"160","TEMP_AGUA":"23"},{"DATA":"17\/03\/2026","CONDICAO":"PR\u00d3PRIO","CHUVA":"Ausente","RESULTADO":"41","TEMP_AGUA":"26"},{"DATA":"10\/03\/2026","CONDICAO":"PR\u00d3PRIO","CHUVA":"Fraca","RESULTADO":"41","TEMP_AGUA":"24"}]},{"CODIGO":"140","MUNICIPIO_COD_IBGE":"4209102","MUNICIPIO":"JOINVILLE","PONTO_NOME":"Ponto 01","BALNEARIO":"PRAIA DO VIGORELLI","LOCALIZACAO":"\u00c0 direita do trapiche","LATITUDE":"-26.22446863507169","LONGITUDE":"-48.76637601565912","ANALISES":[{"DATA":"28\/04\/2026","CONDICAO":"PR\u00d3PRIO","CHUVA":"Ausente","RESULTADO":"309","TEMP_AGUA":"20"},{"DATA":"31\/03\/2026","CONDICAO":"PR\u00d3PRIO","CHUVA":"Moderada","RESULTADO":"504","TEMP_AGUA":"28"},{"DATA":"25\/03\/2026","CONDICAO":"PR\u00d3PRIO","CHUVA":"Ausente","RESULTADO":"132","TEMP_AGUA":"29"},{"DATA":"17\/03\/2026","CONDICAO":"PR\u00d3PRIO","CHUVA":"Ausente","RESULTADO":"238","TEMP_AGUA":"27"},{"DATA":"10\/03\/2026","CONDICAO":"PR\u00d3PRIO","CHUVA":"Ausente","RESULTADO":"185","TEMP_AGUA":"26"}]},{"CODIGO":"382","MUNICIPIO_COD_IBGE":"4204152","MUNICIPIO":"GOVERNADOR CELSO RAMOS","PONTO_NOME":"Ponto 16","BALNEARIO":"PRAIA DE CALHEIROS","LOCALIZACAO":"No canto esquerdo da Praia","LATITUDE":"-27.315432110856346","LONGITUDE":"-48.56367613382509","ANALISES":[{"DATA":"28\/04\/2026","CONDICAO":"PR\u00d3PRIO","CHUVA":"Ausente","RESULTADO":"323","TEMP_AGUA":"18"},{"DATA":"31\/03\/2026","CONDICAO":"PR\u00d3PRIO","CHUVA":"Moderada","RESULTADO":"134","TEMP_AGUA":"19"},{"DATA":"24\/03\/2026","CONDICAO":"PR\u00d3PRIO","CHUVA":"Ausente","RESULTADO":"10","TEMP_AGUA":"24"},{"DATA":"17\/03\/2026","CONDICAO":"PR\u00d3PRIO","CHUVA":"Ausente","RESULTADO":"10","TEMP_AGUA":"24"},{"DATA":"10\/03\/2026","CONDICAO":"PR\u00d3PRIO","CHUVA":"Fraca","RESULTADO":"10","TEMP_AGUA":"23"}]},{"CODIGO":"384","MUNICIPIO_COD_IBGE":"4202107","MUNICIPIO":"BARRA VELHA","PONTO_NOME":"Ponto 06","BALNEARIO":"PRAIA DO CERRO","LOCALIZACAO":"Entre \u00e0s Ruas Chapec\u00f3 e Maria Athanasia da Costa Chaves","LATITUDE":"-26.70267379125632","LONGITUDE":"-48.681108518019904","ANALISES":[{"DATA":"28\/04\/2026","CONDICAO":"PR\u00d3PRIO","CHUVA":"Moderada","RESULTADO":"10","TEMP_AGUA":"23"},{"DATA":"31\/03\/2026","CONDICAO":"PR\u00d3PRIO","CHUVA":"Intensa","RESULTADO":"20","TEMP_AGUA":"26"},{"DATA":"25\/03\/2026","CONDICAO":"PR\u00d3PRIO","CHUVA":"Ausente","RESULTADO":"124","TEMP_AGUA":"26"},{"DATA":"17\/03\/2026","CONDICAO":"PR\u00d3PRIO","CHUVA":"Ausente","RESULTADO":"10","TEMP_AGUA":"26"},{"DATA":"10\/03\/2026","CONDICAO":"PR\u00d3PRIO","CHUVA":"Fraca","RESULTADO":"10","TEMP_AGUA":"26"}]},{"CODIGO":"297","MUNICIPIO_COD_IBGE":"4208807","MUNICIPIO":"JAGUARUNA","PONTO_NOME":"Ponto 01","BALNEARIO":"PRAIA DO ARROIO CORRENTE","LOCALIZACAO":"70 metros ao sul da foz do Arroio Corrente, pr\u00f3ximo ao Posto de Salva Vidas","LATITUDE":"-28.69694","LONGITUDE":"-49.016544","ANALISES":[{"DATA":"28\/04\/2026","CONDICAO":"PR\u00d3PRIO","CHUVA":"Ausente","RESULTADO":"10","TEMP_AGUA":"20"},{"DATA":"31\/03\/2026","CONDICAO":"PR\u00d3PRIO","CHUVA":"Fraca","RESULTADO":"10","TEMP_AGUA":"22"},{"DATA":"24\/03\/2026","CONDICAO":"PR\u00d3PRIO","CHUVA":"Fraca","RESULTADO":"74","TEMP_AGUA":"19"},{"DATA":"17\/03\/2026","CONDICAO":"PR\u00d3PRIO","CHUVA":"Ausente","RESULTADO":"30","TEMP_AGUA":"20"},{"DATA":"10\/03\/2026","CONDICAO":"PR\u00d3PRIO","CHUVA":"Fraca","RESULTADO":"31","TEMP_AGUA":"22"}]},{"CODIGO":"290","MUNICIPIO_COD_IBGE":"4209409","MUNICIPIO":"LAGUNA","PONTO_NOME":"Ponto 01","BALNEARIO":"PRAIA DE ITAPIRUB\u00c1","LOCALIZACAO":"100 m do cost\u00e3o sul","LATITUDE":"-28.341677","LONGITUDE":"-48.707542","ANALISES":[{"DATA":"28\/04\/2026","CONDICAO":"PR\u00d3PRIO","CHUVA":"Ausente","RESULTADO":"52","TEMP_AGUA":"23"},{"DATA":"31\/03\/2026","CONDICAO":"PR\u00d3PRIO","CHUVA":"Ausente","RESULTADO":"10","TEMP_AGUA":"25"},{"DATA":"24\/03\/2026","CONDICAO":"PR\u00d3PRIO","CHUVA":"Ausente","RESULTADO":"10","TEMP_AGUA":"22"},{"DATA":"17\/03\/2026","CONDICAO":"PR\u00d3PRIO","CHUVA":"Ausente","RESULTADO":"10","TEMP_AGUA":"21"},{"DATA":"10\/03\/2026","CONDICAO":"PR\u00d3PRIO","CHUVA":"Fraca","RESULTADO":"10","TEMP_AGUA":"25"}]},{"CODIGO":"295","MUNICIPIO_COD_IBGE":"4209409","MUNICIPIO":"LAGUNA","PONTO_NOME":"Ponto 06","BALNEARIO":"PRAIA DO CARDOSO","LOCALIZACAO":"Extrema esquerda da praia","LATITUDE":"-28.60745059905936","LONGITUDE":"-48.82184145432537","ANALISES":[{"DATA":"28\/04\/2026","CONDICAO":"PR\u00d3PRIO","CHUVA":"Ausente","RESULTADO":"41","TEMP_AGUA":"20"},{"DATA":"31\/03\/2026","CONDICAO":"PR\u00d3PRIO","CHUVA":"Fraca","RESULTADO":"20","TEMP_AGUA":"22"},{"DATA":"24\/03\/2026","CONDICAO":"PR\u00d3PRIO","CHUVA":"Fraca","RESULTADO":"10","TEMP_AGUA":"19"},{"DATA":"17\/03\/2026","CONDICAO":"PR\u00d3PRIO","CHUVA":"Ausente","RESULTADO":"10","TEMP_AGUA":"20"},{"DATA":"10\/03\/2026","CONDICAO":"PR\u00d3PRIO","CHUVA":"Fraca","RESULTADO":"10","TEMP_AGUA":"21"}]},{"CODIGO":"223","MUNICIPIO_COD_IBGE":"4205407","MUNICIPIO":"FLORIAN\u00d3POLIS","PONTO_NOME":"Ponto 09","BALNEARIO":"PRAIA DO CACUP\u00c9","LOCALIZACAO":"Pr\u00f3ximo ao n\u00b04000 da Rodovia Haroldo Soares Glavan","LATITUDE":"-27.532488351970","LONGITUDE":"-48.52543766534","ANALISES":[{"DATA":"27\/04\/2026","CONDICAO":"PR\u00d3PRIO","CHUVA":"Moderada","RESULTADO":"220","TEMP_AGUA":"25"},{"DATA":"30\/03\/2026","CONDICAO":"IMPR\u00d3PRIO","CHUVA":"Ausente","RESULTADO":"9208","TEMP_AGUA":"27"},{"DATA":"24\/03\/2026","CONDICAO":"PR\u00d3PRIO","CHUVA":"Ausente","RESULTADO":"134","TEMP_AGUA":"27"},{"DATA":"16\/03\/2026","CONDICAO":"PR\u00d3PRIO","CHUVA":"Ausente","RESULTADO":"52","TEMP_AGUA":"28"},{"DATA":"09\/03\/2026","CONDICAO":"PR\u00d3PRIO","CHUVA":"Moderada","RESULTADO":"10","TEMP_AGUA":"25"}]},{"CODIGO":"209","MUNICIPIO_COD_IBGE":"4202453","MUNICIPIO":"BOMBINHAS","PONTO_NOME":"Ponto 03","BALNEARIO":"PRAIA DO MARISCAL","LOCALIZACAO":"Em frente \u00e0 Avenida \u00c1gua Marinha, altura do n\u00ba 3.245","LATITUDE":"-27.171263","LONGITUDE":"-48.498965","ANALISES":[{"DATA":"27\/04\/2026","CONDICAO":"PR\u00d3PRIO","CHUVA":"Moderada","RESULTADO":"10","TEMP_AGUA":"23"},{"DATA":"30\/03\/2026","CONDICAO":"PR\u00d3PRIO","CHUVA":"Ausente","RESULTADO":"10","TEMP_AGUA":"22"},{"DATA":"24\/03\/2026","CONDICAO":"PR\u00d3PRIO","CHUVA":"Ausente","RESULTADO":"10","TEMP_AGUA":"25"},{"DATA":"16\/03\/2026","CONDICAO":"PR\u00d3PRIO","CHUVA":"Ausente","RESULTADO":"10","TEMP_AGUA":"26"},{"DATA":"09\/03\/2026","CONDICAO":"PR\u00d3PRIO","CHUVA":"Fraca","RESULTADO":"10","TEMP_AGUA":"24"}]},{"CODIGO":"173","MUNICIPIO_COD_IBGE":"4208203","MUNICIPIO":"ITAJA\u00cd","PONTO_NOME":"Ponto 03","BALNEARIO":"PRAIA BRAVA","LOCALIZACAO":"Avenida Jos\u00e9 Medeiros Vi\u00eaira, em frente \u00e0 Rua Doca Rebello","LATITUDE":"-26.9554698185621","LONGITUDE":"-48.629288511291","ANALISES":[{"DATA":"28\/04\/2026","CONDICAO":"PR\u00d3PRIO","CHUVA":"Ausente","RESULTADO":"10","TEMP_AGUA":"22"},{"DATA":"31\/03\/2026","CONDICAO":"PR\u00d3PRIO","CHUVA":"Intensa","RESULTADO":"733","TEMP_AGUA":"26"},{"DATA":"25\/03\/2026","CONDICAO":"PR\u00d3PRIO","CHUVA":"Ausente","RESULTADO":"31","TEMP_AGUA":"26"},{"DATA":"17\/03\/2026","CONDICAO":"PR\u00d3PRIO","CHUVA":"Ausente","RESULTADO":"185","TEMP_AGUA":"26"},{"DATA":"10\/03\/2026","CONDICAO":"PR\u00d3PRIO","CHUVA":"Moderada","RESULTADO":"327","TEMP_AGUA":"23"}]},{"CODIGO":"211","MUNICIPIO_COD_IBGE":"4204152","MUNICIPIO":"GOVERNADOR CELSO RAMOS","PONTO_NOME":"Ponto 01","BALNEARIO":"PRAIA DA ARMA\u00c7\u00c3O DA PIEDADE","LOCALIZACAO":"No meio da praia","LATITUDE":"-27.3792030009992","LONGITUDE":"-48.534590232724","ANALISES":[{"DATA":"28\/04\/2026","CONDICAO":"PR\u00d3PRIO","CHUVA":"Ausente","RESULTADO":"41","TEMP_AGUA":"20"},{"DATA":"31\/03\/2026","CONDICAO":"PR\u00d3PRIO","CHUVA":"Moderada","RESULTADO":"75","TEMP_AGUA":"24"},{"DATA":"24\/03\/2026","CONDICAO":"PR\u00d3PRIO","CHUVA":"Ausente","RESULTADO":"158","TEMP_AGUA":"24"},{"DATA":"17\/03\/2026","CONDICAO":"IMPR\u00d3PRIO","CHUVA":"Ausente","RESULTADO":"323","TEMP_AGUA":"24"},{"DATA":"10\/03\/2026","CONDICAO":"IMPR\u00d3PRIO","CHUVA":"Fraca","RESULTADO":"171","TEMP_AGUA":"24"}]},{"CODIGO":"212","MUNICIPIO_COD_IBGE":"4204152","MUNICIPIO":"GOVERNADOR CELSO RAMOS","PONTO_NOME":"Ponto 02","BALNEARIO":"PRAIA DE PALMAS","LOCALIZACAO":"Avenida Aderbal Ramos da Silva, em frente ao Posto de Salva Vidas","LATITUDE":"-27.324055996788","LONGITUDE":"-48.53835758628","ANALISES":[{"DATA":"28\/04\/2026","CONDICAO":"PR\u00d3PRIO","CHUVA":"Ausente","RESULTADO":"30","TEMP_AGUA":"20"},{"DATA":"31\/03\/2026","CONDICAO":"PR\u00d3PRIO","CHUVA":"Moderada","RESULTADO":"1046","TEMP_AGUA":"22"},{"DATA":"24\/03\/2026","CONDICAO":"PR\u00d3PRIO","CHUVA":"Ausente","RESULTADO":"10","TEMP_AGUA":"25"},{"DATA":"17\/03\/2026","CONDICAO":"PR\u00d3PRIO","CHUVA":"Ausente","RESULTADO":"10","TEMP_AGUA":"25"},{"DATA":"10\/03\/2026","CONDICAO":"PR\u00d3PRIO","CHUVA":"Fraca","RESULTADO":"62","TEMP_AGUA":"24"}]},{"CODIGO":"213","MUNICIPIO_COD_IBGE":"4204152","MUNICIPIO":"GOVERNADOR CELSO RAMOS","PONTO_NOME":"Ponto 03","BALNEARIO":"PRAIA DA BAIA DOS GOLFINHOS","LOCALIZACAO":"\u00c0 direita do trapiche","LATITUDE":"-27.4045942209226","LONGITUDE":"-48.5617690047548","ANALISES":[{"DATA":"28\/04\/2026","CONDICAO":"PR\u00d3PRIO","CHUVA":"Ausente","RESULTADO":"146","TEMP_AGUA":"21"},{"DATA":"31\/03\/2026","CONDICAO":"PR\u00d3PRIO","CHUVA":"Moderada","RESULTADO":"20","TEMP_AGUA":"22"},{"DATA":"24\/03\/2026","CONDICAO":"PR\u00d3PRIO","CHUVA":"Ausente","RESULTADO":"10","TEMP_AGUA":"25"},{"DATA":"17\/03\/2026","CONDICAO":"PR\u00d3PRIO","CHUVA":"Ausente","RESULTADO":"20","TEMP_AGUA":"24"},{"DATA":"10\/03\/2026","CONDICAO":"PR\u00d3PRIO","CHUVA":"Fraca","RESULTADO":"10","TEMP_AGUA":"24"}]},{"CODIGO":"172","MUNICIPIO_COD_IBGE":"4208203","MUNICIPIO":"ITAJA\u00cd","PONTO_NOME":"Ponto 02","BALNEARIO":"PRAIA DO ATALAIA","LOCALIZACAO":"Em frente a primeira rampa de acesso \u00e0 Praia, pr\u00f3ximo ao Posto de Salva Vidas","LATITUDE":"-26.9196955875352","LONGITUDE":"-48.640969610763","ANALISES":[{"DATA":"28\/04\/2026","CONDICAO":"PR\u00d3PRIO","CHUVA":"Ausente","RESULTADO":"31","TEMP_AGUA":"22"},{"DATA":"31\/03\/2026","CONDICAO":"PR\u00d3PRIO","CHUVA":"Intensa","RESULTADO":"148","TEMP_AGUA":"25"},{"DATA":"25\/03\/2026","CONDICAO":"PR\u00d3PRIO","CHUVA":"Ausente","RESULTADO":"771","TEMP_AGUA":"28"},{"DATA":"17\/03\/2026","CONDICAO":"PR\u00d3PRIO","CHUVA":"Ausente","RESULTADO":"341","TEMP_AGUA":"26"},{"DATA":"10\/03\/2026","CONDICAO":"PR\u00d3PRIO","CHUVA":"Moderada","RESULTADO":"183","TEMP_AGUA":"23"}]},{"CODIGO":"168","MUNICIPIO_COD_IBGE":"4211306","MUNICIPIO":"NAVEGANTES","PONTO_NOME":"Ponto 02","BALNEARIO":"PRAIA DE NAVEGANTES","LOCALIZACAO":"Em frente \u00e0 Rua Jaragu\u00e1 do Sul, pr\u00f3ximo ao Posto de Salva Vidas","LATITUDE":"-26.830189566144565","LONGITUDE":"-48.62538566060548","ANALISES":[{"DATA":"28\/04\/2026","CONDICAO":"PR\u00d3PRIO","CHUVA":"Ausente","RESULTADO":"578","TEMP_AGUA":"22"},{"DATA":"31\/03\/2026","CONDICAO":"PR\u00d3PRIO","CHUVA":"Intensa","RESULTADO":"776","TEMP_AGUA":"26"},{"DATA":"25\/03\/2026","CONDICAO":"IMPR\u00d3PRIO","CHUVA":"Ausente","RESULTADO":"2723","TEMP_AGUA":"28"},{"DATA":"17\/03\/2026","CONDICAO":"PR\u00d3PRIO","CHUVA":"Ausente","RESULTADO":"504","TEMP_AGUA":"26"},{"DATA":"10\/03\/2026","CONDICAO":"PR\u00d3PRIO","CHUVA":"Moderada","RESULTADO":"213","TEMP_AGUA":"22"}]},{"CODIGO":"166","MUNICIPIO_COD_IBGE":"4212502","MUNICIPIO":"PENHA","PONTO_NOME":"Ponto 09","BALNEARIO":"PRAIA VERMELHA","LOCALIZACAO":"Frente \u00e0 Rua Ant\u00f4nio Benjamin da Costa (acesso \u00e0 Praia Vermelha)","LATITUDE":"-26.803438905179554","LONGITUDE":"-48.597413352637375","ANALISES":[{"DATA":"28\/04\/2026","CONDICAO":"PR\u00d3PRIO","CHUVA":"Ausente","RESULTADO":"52","TEMP_AGUA":"21"},{"DATA":"31\/03\/2026","CONDICAO":"PR\u00d3PRIO","CHUVA":"Intensa","RESULTADO":"120","TEMP_AGUA":"25"},{"DATA":"25\/03\/2026","CONDICAO":"PR\u00d3PRIO","CHUVA":"Ausente","RESULTADO":"609","TEMP_AGUA":"27"},{"DATA":"17\/03\/2026","CONDICAO":"PR\u00d3PRIO","CHUVA":"Ausente","RESULTADO":"73","TEMP_AGUA":"25"},{"DATA":"10\/03\/2026","CONDICAO":"PR\u00d3PRIO","CHUVA":"Moderada","RESULTADO":"31","TEMP_AGUA":"23"}]},{"CODIGO":"165","MUNICIPIO_COD_IBGE":"4212502","MUNICIPIO":"PENHA","PONTO_NOME":"Ponto 08","BALNEARIO":"PRAIA GRANDE","LOCALIZACAO":"Rua Waldemar Werner, em frente ao n\u00b0193 (pr\u00f3ximo \u00e0s pedras)","LATITUDE":"-26.780926120933383","LONGITUDE":"-48.597555946889585","ANALISES":[{"DATA":"28\/04\/2026","CONDICAO":"PR\u00d3PRIO","CHUVA":"Ausente","RESULTADO":"10","TEMP_AGUA":"22"},{"DATA":"31\/03\/2026","CONDICAO":"PR\u00d3PRIO","CHUVA":"Intensa","RESULTADO":"41","TEMP_AGUA":"25"},{"DATA":"25\/03\/2026","CONDICAO":"PR\u00d3PRIO","CHUVA":"Ausente","RESULTADO":"10","TEMP_AGUA":"28"},{"DATA":"17\/03\/2026","CONDICAO":"PR\u00d3PRIO","CHUVA":"Ausente","RESULTADO":"52","TEMP_AGUA":"26"},{"DATA":"10\/03\/2026","CONDICAO":"PR\u00d3PRIO","CHUVA":"Moderada","RESULTADO":"41","TEMP_AGUA":"24"}]},{"CODIGO":"164","MUNICIPIO_COD_IBGE":"4212502","MUNICIPIO":"PENHA","PONTO_NOME":"Ponto 07","BALNEARIO":"PRAINHA DA PENHA","LOCALIZACAO":"Ao final da Avenida Prefeito Henrique Assis, em frente \u00e0 r\u00f3tula de retorno (Bacia da Vov\u00f3)","LATITUDE":"-26.762726","LONGITUDE":"-48.646817","ANALISES":[{"DATA":"28\/04\/2026","CONDICAO":"PR\u00d3PRIO","CHUVA":"Ausente","RESULTADO":"63","TEMP_AGUA":"22"},{"DATA":"31\/03\/2026","CONDICAO":"PR\u00d3PRIO","CHUVA":"Intensa","RESULTADO":"20","TEMP_AGUA":"25"},{"DATA":"25\/03\/2026","CONDICAO":"PR\u00d3PRIO","CHUVA":"Ausente","RESULTADO":"10","TEMP_AGUA":"27"},{"DATA":"17\/03\/2026","CONDICAO":"PR\u00d3PRIO","CHUVA":"Ausente","RESULTADO":"10","TEMP_AGUA":"26"},{"DATA":"10\/03\/2026","CONDICAO":"PR\u00d3PRIO","CHUVA":"Moderada","RESULTADO":"31","TEMP_AGUA":"25"}]},{"CODIGO":"163","MUNICIPIO_COD_IBGE":"4212502","MUNICIPIO":"PENHA","PONTO_NOME":"Ponto 06","BALNEARIO":"PRAIA DA SAUDADE","LOCALIZACAO":"Em frente \u00e0 Rua Possid\u00f4nio Silva Mar\u00e7al","LATITUDE":"-26.76582885159652","LONGITUDE":"-48.64430916627947","ANALISES":[{"DATA":"28\/04\/2026","CONDICAO":"PR\u00d3PRIO","CHUVA":"Ausente","RESULTADO":"10","TEMP_AGUA":"22"},{"DATA":"31\/03\/2026","CONDICAO":"PR\u00d3PRIO","CHUVA":"Intensa","RESULTADO":"20","TEMP_AGUA":"25"},{"DATA":"25\/03\/2026","CONDICAO":"PR\u00d3PRIO","CHUVA":"Ausente","RESULTADO":"20","TEMP_AGUA":"28"},{"DATA":"17\/03\/2026","CONDICAO":"PR\u00d3PRIO","CHUVA":"Ausente","RESULTADO":"107","TEMP_AGUA":"27"},{"DATA":"10\/03\/2026","CONDICAO":"PR\u00d3PRIO","CHUVA":"Moderada","RESULTADO":"31","TEMP_AGUA":"25"}]},{"CODIGO":"206","MUNICIPIO_COD_IBGE":"4202453","MUNICIPIO":"BOMBINHAS","PONTO_NOME":"Ponto 02","BALNEARIO":"PRAIA DE BOMBAS","LOCALIZACAO":"Em frente \u00e0 Rua Martin Pescador","LATITUDE":"-27.14040085817028","LONGITUDE":"-48.50760898645682","ANALISES":[{"DATA":"27\/04\/2026","CONDICAO":"PR\u00d3PRIO","CHUVA":"Moderada","RESULTADO":"20","TEMP_AGUA":"23"},{"DATA":"30\/03\/2026","CONDICAO":"PR\u00d3PRIO","CHUVA":"Ausente","RESULTADO":"41","TEMP_AGUA":"26"},{"DATA":"24\/03\/2026","CONDICAO":"PR\u00d3PRIO","CHUVA":"Ausente","RESULTADO":"10","TEMP_AGUA":"26"},{"DATA":"16\/03\/2026","CONDICAO":"PR\u00d3PRIO","CHUVA":"Ausente","RESULTADO":"63","TEMP_AGUA":"27"},{"DATA":"09\/03\/2026","CONDICAO":"PR\u00d3PRIO","CHUVA":"Fraca","RESULTADO":"73","TEMP_AGUA":"25"}]},{"CODIGO":"226","MUNICIPIO_COD_IBGE":"4205407","MUNICIPIO":"FLORIAN\u00d3POLIS","PONTO_NOME":"Ponto 12","BALNEARIO":"PRAIA DE SANTO ANT\u00d4NIO DE LISBOA","LOCALIZACAO":"Em frente \u00e0 Pra\u00e7a Rold\u00e3o da Rocha Pires","LATITUDE":"-27.5077491276534","LONGITUDE":"-48.51998071371375","ANALISES":[{"DATA":"27\/04\/2026","CONDICAO":"PR\u00d3PRIO","CHUVA":"Moderada","RESULTADO":"450","TEMP_AGUA":"25"},{"DATA":"30\/03\/2026","CONDICAO":"PR\u00d3PRIO","CHUVA":"Ausente","RESULTADO":"86","TEMP_AGUA":"27"},{"DATA":"24\/03\/2026","CONDICAO":"PR\u00d3PRIO","CHUVA":"Ausente","RESULTADO":"30","TEMP_AGUA":"27"},{"DATA":"16\/03\/2026","CONDICAO":"PR\u00d3PRIO","CHUVA":"Ausente","RESULTADO":"41","TEMP_AGUA":"28"},{"DATA":"09\/03\/2026","CONDICAO":"PR\u00d3PRIO","CHUVA":"Moderada","RESULTADO":"144","TEMP_AGUA":"25"}]},{"CODIGO":"227","MUNICIPIO_COD_IBGE":"4205407","MUNICIPIO":"FLORIAN\u00d3POLIS","PONTO_NOME":"Ponto 13","BALNEARIO":"PRAIA DE SANTO ANT\u00d4NIO DE LISBOA","LOCALIZACAO":"Em frente \u00e0 Servid\u00e3o Hip\u00f3lito Machado","LATITUDE":"-27.5053780757117","LONGITUDE":"-48.522624442937","ANALISES":[{"DATA":"27\/04\/2026","CONDICAO":"PR\u00d3PRIO","CHUVA":"Moderada","RESULTADO":"373","TEMP_AGUA":"25"},{"DATA":"30\/03\/2026","CONDICAO":"PR\u00d3PRIO","CHUVA":"Ausente","RESULTADO":"31","TEMP_AGUA":"27"},{"DATA":"24\/03\/2026","CONDICAO":"PR\u00d3PRIO","CHUVA":"Ausente","RESULTADO":"20","TEMP_AGUA":"27"},{"DATA":"16\/03\/2026","CONDICAO":"PR\u00d3PRIO","CHUVA":"Ausente","RESULTADO":"145","TEMP_AGUA":"28"},{"DATA":"09\/03\/2026","CONDICAO":"PR\u00d3PRIO","CHUVA":"Moderada","RESULTADO":"223","TEMP_AGUA":"25"}]},{"CODIGO":"228","MUNICIPIO_COD_IBGE":"4205407","MUNICIPIO":"FLORIAN\u00d3POLIS","PONTO_NOME":"Ponto 14","BALNEARIO":"PRAIA DE SAMBAQUI","LOCALIZACAO":"Em frente \u00e0 Rua Servid\u00e3o Para\u00edso das Flores","LATITUDE":"-27.4945739148044","LONGITUDE":"-48.525466891173","ANALISES":[{"DATA":"27\/04\/2026","CONDICAO":"PR\u00d3PRIO","CHUVA":"Moderada","RESULTADO":"496","TEMP_AGUA":"25"},{"DATA":"30\/03\/2026","CONDICAO":"PR\u00d3PRIO","CHUVA":"Ausente","RESULTADO":"52","TEMP_AGUA":"27"},{"DATA":"24\/03\/2026","CONDICAO":"PR\u00d3PRIO","CHUVA":"Ausente","RESULTADO":"63","TEMP_AGUA":"28"},{"DATA":"16\/03\/2026","CONDICAO":"PR\u00d3PRIO","CHUVA":"Ausente","RESULTADO":"109","TEMP_AGUA":"28"},{"DATA":"09\/03\/2026","CONDICAO":"PR\u00d3PRIO","CHUVA":"Moderada","RESULTADO":"175","TEMP_AGUA":"25"}]},{"CODIGO":"229","MUNICIPIO_COD_IBGE":"4205407","MUNICIPIO":"FLORIAN\u00d3POLIS","PONTO_NOME":"Ponto 15","BALNEARIO":"PRAIA DE SAMBAQUI","LOCALIZACAO":"Na Ponta do Sambaqui","LATITUDE":"-27.4893457910334","LONGITUDE":"-48.537968107323","ANALISES":[{"DATA":"27\/04\/2026","CONDICAO":"PR\u00d3PRIO","CHUVA":"Moderada","RESULTADO":"576","TEMP_AGUA":"25"},{"DATA":"30\/03\/2026","CONDICAO":"IMPR\u00d3PRIO","CHUVA":"Ausente","RESULTADO":"1017","TEMP_AGUA":"27"},{"DATA":"24\/03\/2026","CONDICAO":"PR\u00d3PRIO","CHUVA":"Ausente","RESULTADO":"74","TEMP_AGUA":"28"},{"DATA":"16\/03\/2026","CONDICAO":"PR\u00d3PRIO","CHUVA":"Ausente","RESULTADO":"309","TEMP_AGUA":"28"},{"DATA":"09\/03\/2026","CONDICAO":"PR\u00d3PRIO","CHUVA":"Moderada","RESULTADO":"86","TEMP_AGUA":"25"}]},{"CODIGO":"230","MUNICIPIO_COD_IBGE":"4205407","MUNICIPIO":"FLORIAN\u00d3POLIS","PONTO_NOME":"Ponto 16","BALNEARIO":"PRAIA DA DANIELA","LOCALIZACAO":"Em frente \u00e0 Rua dos Cactos","LATITUDE":"-27.44470430878503","LONGITUDE":"-48.52451797810759","ANALISES":[{"DATA":"27\/04\/2026","CONDICAO":"PR\u00d3PRIO","CHUVA":"Intensa","RESULTADO":"134","TEMP_AGUA":"25"},{"DATA":"30\/03\/2026","CONDICAO":"PR\u00d3PRIO","CHUVA":"Ausente","RESULTADO":"31","TEMP_AGUA":"27"},{"DATA":"24\/03\/2026","CONDICAO":"PR\u00d3PRIO","CHUVA":"Fraca","RESULTADO":"52","TEMP_AGUA":"27"},{"DATA":"16\/03\/2026","CONDICAO":"PR\u00d3PRIO","CHUVA":"Ausente","RESULTADO":"134","TEMP_AGUA":"27"},{"DATA":"09\/03\/2026","CONDICAO":"PR\u00d3PRIO","CHUVA":"Intensa","RESULTADO":"52","TEMP_AGUA":"25"}]},{"CODIGO":"231","MUNICIPIO_COD_IBGE":"4205407","MUNICIPIO":"FLORIAN\u00d3POLIS","PONTO_NOME":"Ponto 17","BALNEARIO":"PRAIA DO FORTE","LOCALIZACAO":"Na entrada da Praia","LATITUDE":"-27.433946767139","LONGITUDE":"-48.519843372842","ANALISES":[{"DATA":"27\/04\/2026","CONDICAO":"PR\u00d3PRIO","CHUVA":"Intensa","RESULTADO":"134","TEMP_AGUA":"25"},{"DATA":"30\/03\/2026","CONDICAO":"PR\u00d3PRIO","CHUVA":"Ausente","RESULTADO":"20","TEMP_AGUA":"27"},{"DATA":"24\/03\/2026","CONDICAO":"PR\u00d3PRIO","CHUVA":"Fraca","RESULTADO":"41","TEMP_AGUA":"27"},{"DATA":"16\/03\/2026","CONDICAO":"PR\u00d3PRIO","CHUVA":"Ausente","RESULTADO":"31","TEMP_AGUA":"27"},{"DATA":"09\/03\/2026","CONDICAO":"PR\u00d3PRIO","CHUVA":"Intensa","RESULTADO":"426","TEMP_AGUA":"25"}]},{"CODIGO":"232","MUNICIPIO_COD_IBGE":"4205407","MUNICIPIO":"FLORIAN\u00d3POLIS","PONTO_NOME":"Ponto 18","BALNEARIO":"PRAIA DE JURERE","LOCALIZACAO":"Em frente \u00e0 Rua das Moreias","LATITUDE":"-27.43783097538259","LONGITUDE":"-48.49086356701009","ANALISES":[{"DATA":"27\/04\/2026","CONDICAO":"PR\u00d3PRIO","CHUVA":"Intensa","RESULTADO":"31","TEMP_AGUA":"25"},{"DATA":"30\/03\/2026","CONDICAO":"PR\u00d3PRIO","CHUVA":"Ausente","RESULTADO":"31","TEMP_AGUA":"27"},{"DATA":"24\/03\/2026","CONDICAO":"PR\u00d3PRIO","CHUVA":"Fraca","RESULTADO":"221","TEMP_AGUA":"27"},{"DATA":"16\/03\/2026","CONDICAO":"PR\u00d3PRIO","CHUVA":"Ausente","RESULTADO":"134","TEMP_AGUA":"27"},{"DATA":"09\/03\/2026","CONDICAO":"PR\u00d3PRIO","CHUVA":"Intensa","RESULTADO":"30","TEMP_AGUA":"25"}]},{"CODIGO":"233","MUNICIPIO_COD_IBGE":"4205407","MUNICIPIO":"FLORIAN\u00d3POLIS","PONTO_NOME":"Ponto 19","BALNEARIO":"PRAIA DE JURERE","LOCALIZACAO":"Em frente \u00e0 Rodovia Maur\u00edcio Sirotski Sobrinho","LATITUDE":"-27.437983266962","LONGITUDE":"-48.486299171808","ANALISES":[{"DATA":"27\/04\/2026","CONDICAO":"PR\u00d3PRIO","CHUVA":"Intensa","RESULTADO":"203","TEMP_AGUA":"25"},{"DATA":"30\/03\/2026","CONDICAO":"PR\u00d3PRIO","CHUVA":"Ausente","RESULTADO":"30","TEMP_AGUA":"27"},{"DATA":"24\/03\/2026","CONDICAO":"PR\u00d3PRIO","CHUVA":"Fraca","RESULTADO":"148","TEMP_AGUA":"27"},{"DATA":"16\/03\/2026","CONDICAO":"PR\u00d3PRIO","CHUVA":"Ausente","RESULTADO":"246","TEMP_AGUA":"27"},{"DATA":"09\/03\/2026","CONDICAO":"PR\u00d3PRIO","CHUVA":"Intensa","RESULTADO":"41","TEMP_AGUA":"25"}]},{"CODIGO":"234","MUNICIPIO_COD_IBGE":"4205407","MUNICIPIO":"FLORIAN\u00d3POLIS","PONTO_NOME":"Ponto 54","BALNEARIO":"PRAIA DE JURERE","LOCALIZACAO":"Em frente \u00e0 Rua Luis Rampa","LATITUDE":"-27.437316350952","LONGITUDE":"-48.482845571281","ANALISES":[{"DATA":"27\/04\/2026","CONDICAO":"PR\u00d3PRIO","CHUVA":"Intensa","RESULTADO":"216","TEMP_AGUA":"25"},{"DATA":"30\/03\/2026","CONDICAO":"PR\u00d3PRIO","CHUVA":"Ausente","RESULTADO":"10","TEMP_AGUA":"27"},{"DATA":"24\/03\/2026","CONDICAO":"PR\u00d3PRIO","CHUVA":"Fraca","RESULTADO":"63","TEMP_AGUA":"27"},{"DATA":"16\/03\/2026","CONDICAO":"PR\u00d3PRIO","CHUVA":"Ausente","RESULTADO":"331","TEMP_AGUA":"27"},{"DATA":"09\/03\/2026","CONDICAO":"PR\u00d3PRIO","CHUVA":"Intensa","RESULTADO":"63","TEMP_AGUA":"25"}]},{"CODIGO":"235","MUNICIPIO_COD_IBGE":"4205407","MUNICIPIO":"FLORIAN\u00d3POLIS","PONTO_NOME":"Ponto 68","BALNEARIO":"PRAIA DE CANAJUR\u00ca","LOCALIZACAO":"Em frente \u00e0 Rua Servid\u00e3o Valdemar Medeiros","LATITUDE":"-27.4316320799","LONGITUDE":"-48.47936449281","ANALISES":[{"DATA":"27\/04\/2026","CONDICAO":"PR\u00d3PRIO","CHUVA":"Intensa","RESULTADO":"495","TEMP_AGUA":"25"},{"DATA":"30\/03\/2026","CONDICAO":"PR\u00d3PRIO","CHUVA":"Ausente","RESULTADO":"98","TEMP_AGUA":"27"},{"DATA":"24\/03\/2026","CONDICAO":"PR\u00d3PRIO","CHUVA":"Fraca","RESULTADO":"134","TEMP_AGUA":"27"},{"DATA":"16\/03\/2026","CONDICAO":"PR\u00d3PRIO","CHUVA":"Ausente","RESULTADO":"161","TEMP_AGUA":"27"},{"DATA":"09\/03\/2026","CONDICAO":"PR\u00d3PRIO","CHUVA":"Intensa","RESULTADO":"282","TEMP_AGUA":"25"}]},{"CODIGO":"208","MUNICIPIO_COD_IBGE":"4202453","MUNICIPIO":"BOMBINHAS","PONTO_NOME":"Ponto 05","BALNEARIO":"PRAIA DE BOMBAS","LOCALIZACAO":"Em frente \u00e0 Rua Ariramba, esquerda do riacho","LATITUDE":"-27.13345481379452","LONGITUDE":"-48.51280584489044","ANALISES":[{"DATA":"27\/04\/2026","CONDICAO":"PR\u00d3PRIO","CHUVA":"Moderada","RESULTADO":"40","TEMP_AGUA":"23"},{"DATA":"30\/03\/2026","CONDICAO":"PR\u00d3PRIO","CHUVA":"Ausente","RESULTADO":"10","TEMP_AGUA":"26"},{"DATA":"24\/03\/2026","CONDICAO":"PR\u00d3PRIO","CHUVA":"Ausente","RESULTADO":"86","TEMP_AGUA":"26"},{"DATA":"16\/03\/2026","CONDICAO":"PR\u00d3PRIO","CHUVA":"Ausente","RESULTADO":"85","TEMP_AGUA":"27"},{"DATA":"09\/03\/2026","CONDICAO":"PR\u00d3PRIO","CHUVA":"Fraca","RESULTADO":"145","TEMP_AGUA":"25"}]},{"CODIGO":"205","MUNICIPIO_COD_IBGE":"4202453","MUNICIPIO":"BOMBINHAS","PONTO_NOME":"Ponto 07","BALNEARIO":"PRAIA DE BOMBINHAS","LOCALIZACAO":"Em frente \u00e0 Rua Castanheta","LATITUDE":"-27.146583694616677","LONGITUDE":"-48.49454074140273","ANALISES":[{"DATA":"27\/04\/2026","CONDICAO":"PR\u00d3PRIO","CHUVA":"Moderada","RESULTADO":"41","TEMP_AGUA":"23"},{"DATA":"30\/03\/2026","CONDICAO":"PR\u00d3PRIO","CHUVA":"Ausente","RESULTADO":"73","TEMP_AGUA":"26"},{"DATA":"24\/03\/2026","CONDICAO":"PR\u00d3PRIO","CHUVA":"Ausente","RESULTADO":"75","TEMP_AGUA":"26"},{"DATA":"16\/03\/2026","CONDICAO":"IMPR\u00d3PRIO","CHUVA":"Ausente","RESULTADO":"63","TEMP_AGUA":"27"},{"DATA":"09\/03\/2026","CONDICAO":"IMPR\u00d3PRIO","CHUVA":"Fraca","RESULTADO":"84","TEMP_AGUA":"25"}]},{"CODIGO":"237","MUNICIPIO_COD_IBGE":"4205407","MUNICIPIO":"FLORIAN\u00d3POLIS","PONTO_NOME":"Ponto 21","BALNEARIO":"PRAIA DE CANASVIEIRAS","LOCALIZACAO":"Em frente \u00e0 Avenida das Na\u00e7\u00f5es","LATITUDE":"-27.4271087786240","LONGITUDE":"-48.4583536742183","ANALISES":[{"DATA":"27\/04\/2026","CONDICAO":"PR\u00d3PRIO","CHUVA":"Intensa","RESULTADO":"63","TEMP_AGUA":"24"},{"DATA":"30\/03\/2026","CONDICAO":"PR\u00d3PRIO","CHUVA":"Ausente","RESULTADO":"10","TEMP_AGUA":"27"},{"DATA":"24\/03\/2026","CONDICAO":"PR\u00d3PRIO","CHUVA":"Fraca","RESULTADO":"75","TEMP_AGUA":"27"},{"DATA":"16\/03\/2026","CONDICAO":"PR\u00d3PRIO","CHUVA":"Ausente","RESULTADO":"521","TEMP_AGUA":"27"},{"DATA":"09\/03\/2026","CONDICAO":"PR\u00d3PRIO","CHUVA":"Intensa","RESULTADO":"31","TEMP_AGUA":"25"}]},{"CODIGO":"192","MUNICIPIO_COD_IBGE":"4208302","MUNICIPIO":"ITAPEMA","PONTO_NOME":"Ponto 04","BALNEARIO":"PRAIA DE ITAPEMA","LOCALIZACAO":"Na Rua 319","LATITUDE":"-27.142787","LONGITUDE":"-48.586717","ANALISES":[{"DATA":"27\/04\/2026","CONDICAO":"PR\u00d3PRIO","CHUVA":"Moderada","RESULTADO":"41","TEMP_AGUA":"25"},{"DATA":"30\/03\/2026","CONDICAO":"PR\u00d3PRIO","CHUVA":"Ausente","RESULTADO":"110","TEMP_AGUA":"28"},{"DATA":"24\/03\/2026","CONDICAO":"PR\u00d3PRIO","CHUVA":"Ausente","RESULTADO":"31","TEMP_AGUA":"27"},{"DATA":"16\/03\/2026","CONDICAO":"PR\u00d3PRIO","CHUVA":"Ausente","RESULTADO":"109","TEMP_AGUA":"28"},{"DATA":"09\/03\/2026","CONDICAO":"PR\u00d3PRIO","CHUVA":"Fraca","RESULTADO":"52","TEMP_AGUA":"25"}]},{"CODIGO":"182","MUNICIPIO_COD_IBGE":"4202008","MUNICIPIO":"BALNE\u00c1RIO CAMBORI\u00da","PONTO_NOME":"Ponto 12","BALNEARIO":"PRAIA DO BALN. CAMBORI\u00da","LOCALIZACAO":"Em frente \u00e0 Rua n\u00b02500","LATITUDE":"-26.99416803336615","LONGITUDE":"-48.62732889853186","ANALISES":[{"DATA":"27\/04\/2026","CONDICAO":"PR\u00d3PRIO","CHUVA":"Moderada","RESULTADO":"108","TEMP_AGUA":"23"},{"DATA":"22\/04\/2026","CONDICAO":"PR\u00d3PRIO","CHUVA":"Ausente","RESULTADO":"109","TEMP_AGUA":"24"},{"DATA":"13\/04\/2026","CONDICAO":"PR\u00d3PRIO","CHUVA":"Fraca","RESULTADO":"41","TEMP_AGUA":"23"},{"DATA":"06\/04\/2026","CONDICAO":"PR\u00d3PRIO","CHUVA":"Intensa","RESULTADO":"31","TEMP_AGUA":"25"},{"DATA":"30\/03\/2026","CONDICAO":"PR\u00d3PRIO","CHUVA":"Ausente","RESULTADO":"31","TEMP_AGUA":"26"}]},{"CODIGO":"183","MUNICIPIO_COD_IBGE":"4202008","MUNICIPIO":"BALNE\u00c1RIO CAMBORI\u00da","PONTO_NOME":"Ponto 13","BALNEARIO":"PRAIA DO BALN. CAMBORI\u00da","LOCALIZACAO":"Em frente \u00e0 Rua n\u00b01400","LATITUDE":"-26.98840917135418","LONGITUDE":"-48.6299176595396","ANALISES":[{"DATA":"27\/04\/2026","CONDICAO":"PR\u00d3PRIO","CHUVA":"Moderada","RESULTADO":"231","TEMP_AGUA":"23"},{"DATA":"22\/04\/2026","CONDICAO":"IMPR\u00d3PRIO","CHUVA":"Ausente","RESULTADO":"2613","TEMP_AGUA":"24"},{"DATA":"13\/04\/2026","CONDICAO":"PR\u00d3PRIO","CHUVA":"Fraca","RESULTADO":"97","TEMP_AGUA":"23"},{"DATA":"06\/04\/2026","CONDICAO":"PR\u00d3PRIO","CHUVA":"Intensa","RESULTADO":"41","TEMP_AGUA":"25"},{"DATA":"30\/03\/2026","CONDICAO":"PR\u00d3PRIO","CHUVA":"Ausente","RESULTADO":"20","TEMP_AGUA":"26"}]},{"CODIGO":"179","MUNICIPIO_COD_IBGE":"4202008","MUNICIPIO":"BALNE\u00c1RIO CAMBORI\u00da","PONTO_NOME":"Ponto 05","BALNEARIO":"PRAIA DO BALN. CAMBORI\u00da","LOCALIZACAO":"Pontal Sul, em frente \u00e0 Rua n\u00b04900","LATITUDE":"-27.005108231036534","LONGITUDE":"-48.605126891787386","ANALISES":[{"DATA":"27\/04\/2026","CONDICAO":"PR\u00d3PRIO","CHUVA":"Moderada","RESULTADO":"183","TEMP_AGUA":"23"},{"DATA":"22\/04\/2026","CONDICAO":"PR\u00d3PRIO","CHUVA":"Ausente","RESULTADO":"41","TEMP_AGUA":"24"},{"DATA":"13\/04\/2026","CONDICAO":"PR\u00d3PRIO","CHUVA":"Fraca","RESULTADO":"187","TEMP_AGUA":"23"},{"DATA":"06\/04\/2026","CONDICAO":"PR\u00d3PRIO","CHUVA":"Intensa","RESULTADO":"30","TEMP_AGUA":"25"},{"DATA":"30\/03\/2026","CONDICAO":"PR\u00d3PRIO","CHUVA":"Ausente","RESULTADO":"389","TEMP_AGUA":"26"}]},{"CODIGO":"185","MUNICIPIO_COD_IBGE":"4202008","MUNICIPIO":"BALNE\u00c1RIO CAMBORI\u00da","PONTO_NOME":"Ponto 06","BALNEARIO":"PRAIA DE LARANJEIRAS","LOCALIZACAO":"No meio da praia","LATITUDE":"-26.997120455615615","LONGITUDE":"-48.59102230355759","ANALISES":[{"DATA":"27\/04\/2026","CONDICAO":"PR\u00d3PRIO","CHUVA":"Moderada","RESULTADO":"41","TEMP_AGUA":"23"},{"DATA":"30\/03\/2026","CONDICAO":"PR\u00d3PRIO","CHUVA":"Ausente","RESULTADO":"10","TEMP_AGUA":"26"},{"DATA":"24\/03\/2026","CONDICAO":"PR\u00d3PRIO","CHUVA":"Fraca","RESULTADO":"20","TEMP_AGUA":"26"},{"DATA":"16\/03\/2026","CONDICAO":"PR\u00d3PRIO","CHUVA":"Ausente","RESULTADO":"189","TEMP_AGUA":"25"},{"DATA":"09\/03\/2026","CONDICAO":"PR\u00d3PRIO","CHUVA":"Moderada","RESULTADO":"156","TEMP_AGUA":"23"}]},{"CODIGO":"186","MUNICIPIO_COD_IBGE":"4202008","MUNICIPIO":"BALNE\u00c1RIO CAMBORI\u00da","PONTO_NOME":"Ponto 07","BALNEARIO":"PRAIA DO ESTALEIRO","LOCALIZACAO":"Entre \u00e0s Ruas Domingos Fonseca e Napole\u00e3o Vieira","LATITUDE":"-27.032979","LONGITUDE":"-48.581456","ANALISES":[{"DATA":"27\/04\/2026","CONDICAO":"PR\u00d3PRIO","CHUVA":"Moderada","RESULTADO":"41","TEMP_AGUA":"23"},{"DATA":"30\/03\/2026","CONDICAO":"PR\u00d3PRIO","CHUVA":"Ausente","RESULTADO":"10","TEMP_AGUA":"26"},{"DATA":"24\/03\/2026","CONDICAO":"PR\u00d3PRIO","CHUVA":"Fraca","RESULTADO":"10","TEMP_AGUA":"27"},{"DATA":"16\/03\/2026","CONDICAO":"PR\u00d3PRIO","CHUVA":"Ausente","RESULTADO":"10","TEMP_AGUA":"25"},{"DATA":"09\/03\/2026","CONDICAO":"PR\u00d3PRIO","CHUVA":"Moderada","RESULTADO":"63","TEMP_AGUA":"23"}]},{"CODIGO":"187","MUNICIPIO_COD_IBGE":"4202008","MUNICIPIO":"BALNE\u00c1RIO CAMBORI\u00da","PONTO_NOME":"Ponto 08","BALNEARIO":"PRAIA DE TAQUARAS","LOCALIZACAO":"Em frente \u00e0 Escola Municipal","LATITUDE":"-27.009988206448988","LONGITUDE":"-48.579161591488074","ANALISES":[{"DATA":"27\/04\/2026","CONDICAO":"PR\u00d3PRIO","CHUVA":"Moderada","RESULTADO":"73","TEMP_AGUA":"23"},{"DATA":"30\/03\/2026","CONDICAO":"PR\u00d3PRIO","CHUVA":"Ausente","RESULTADO":"10","TEMP_AGUA":"26"},{"DATA":"24\/03\/2026","CONDICAO":"PR\u00d3PRIO","CHUVA":"Fraca","RESULTADO":"20","TEMP_AGUA":"26"},{"DATA":"16\/03\/2026","CONDICAO":"PR\u00d3PRIO","CHUVA":"Ausente","RESULTADO":"41","TEMP_AGUA":"25"},{"DATA":"09\/03\/2026","CONDICAO":"PR\u00d3PRIO","CHUVA":"Moderada","RESULTADO":"10","TEMP_AGUA":"22"}]},{"CODIGO":"178","MUNICIPIO_COD_IBGE":"4202008","MUNICIPIO":"BALNE\u00c1RIO CAMBORI\u00da","PONTO_NOME":"Ponto 04","BALNEARIO":"PRAIA DO BALN. CAMBORI\u00da","LOCALIZACAO":"Em frente \u00e0 Rua 3000","LATITUDE":"-26.996442076703072","LONGITUDE":"-48.624651927001864","ANALISES":[{"DATA":"27\/04\/2026","CONDICAO":"PR\u00d3PRIO","CHUVA":"Moderada","RESULTADO":"84","TEMP_AGUA":"23"},{"DATA":"22\/04\/2026","CONDICAO":"PR\u00d3PRIO","CHUVA":"Ausente","RESULTADO":"85","TEMP_AGUA":"24"},{"DATA":"13\/04\/2026","CONDICAO":"PR\u00d3PRIO","CHUVA":"Fraca","RESULTADO":"109","TEMP_AGUA":"23"},{"DATA":"06\/04\/2026","CONDICAO":"PR\u00d3PRIO","CHUVA":"Intensa","RESULTADO":"10","TEMP_AGUA":"25"},{"DATA":"30\/03\/2026","CONDICAO":"PR\u00d3PRIO","CHUVA":"Ausente","RESULTADO":"20","TEMP_AGUA":"26"}]},{"CODIGO":"189","MUNICIPIO_COD_IBGE":"4208302","MUNICIPIO":"ITAPEMA","PONTO_NOME":"Ponto 01","BALNEARIO":"PRAIA DE ITAPEMA","LOCALIZACAO":"Na Rua 113","LATITUDE":"-27.0918013872479","LONGITUDE":"-48.608880313270","ANALISES":[{"DATA":"27\/04\/2026","CONDICAO":"PR\u00d3PRIO","CHUVA":"Moderada","RESULTADO":"435","TEMP_AGUA":"25"},{"DATA":"30\/03\/2026","CONDICAO":"PR\u00d3PRIO","CHUVA":"Ausente","RESULTADO":"275","TEMP_AGUA":"28"},{"DATA":"24\/03\/2026","CONDICAO":"PR\u00d3PRIO","CHUVA":"Ausente","RESULTADO":"31","TEMP_AGUA":"28"},{"DATA":"16\/03\/2026","CONDICAO":"IMPR\u00d3PRIO","CHUVA":"Ausente","RESULTADO":"63","TEMP_AGUA":"28"},{"DATA":"09\/03\/2026","CONDICAO":"IMPR\u00d3PRIO","CHUVA":"Fraca","RESULTADO":"1439","TEMP_AGUA":"26"}]},{"CODIGO":"190","MUNICIPIO_COD_IBGE":"4208302","MUNICIPIO":"ITAPEMA","PONTO_NOME":"Ponto 02","BALNEARIO":"PRAIA DE ITAPEMA","LOCALIZACAO":"Na Rua 149","LATITUDE":"-27.101373497089","LONGITUDE":"-48.613526803837","ANALISES":[{"DATA":"27\/04\/2026","CONDICAO":"PR\u00d3PRIO","CHUVA":"Moderada","RESULTADO":"52","TEMP_AGUA":"25"},{"DATA":"30\/03\/2026","CONDICAO":"PR\u00d3PRIO","CHUVA":"Ausente","RESULTADO":"41","TEMP_AGUA":"28"},{"DATA":"24\/03\/2026","CONDICAO":"PR\u00d3PRIO","CHUVA":"Ausente","RESULTADO":"10","TEMP_AGUA":"28"},{"DATA":"16\/03\/2026","CONDICAO":"PR\u00d3PRIO","CHUVA":"Ausente","RESULTADO":"41","TEMP_AGUA":"28"},{"DATA":"09\/03\/2026","CONDICAO":"PR\u00d3PRIO","CHUVA":"Fraca","RESULTADO":"41","TEMP_AGUA":"26"}]},{"CODIGO":"177","MUNICIPIO_COD_IBGE":"4202008","MUNICIPIO":"BALNE\u00c1RIO CAMBORI\u00da","PONTO_NOME":"Ponto 03","BALNEARIO":"PRAIA DO BALN. CAMBORI\u00da","LOCALIZACAO":"Em frente \u00e0 Rua 2000","LATITUDE":"-26.99062329018414","LONGITUDE":"-48.62850128539494","ANALISES":[{"DATA":"27\/04\/2026","CONDICAO":"PR\u00d3PRIO","CHUVA":"Moderada","RESULTADO":"259","TEMP_AGUA":"23"},{"DATA":"22\/04\/2026","CONDICAO":"PR\u00d3PRIO","CHUVA":"Ausente","RESULTADO":"41","TEMP_AGUA":"24"},{"DATA":"13\/04\/2026","CONDICAO":"PR\u00d3PRIO","CHUVA":"Fraca","RESULTADO":"97","TEMP_AGUA":"23"},{"DATA":"06\/04\/2026","CONDICAO":"PR\u00d3PRIO","CHUVA":"Intensa","RESULTADO":"10","TEMP_AGUA":"25"},{"DATA":"30\/03\/2026","CONDICAO":"PR\u00d3PRIO","CHUVA":"Ausente","RESULTADO":"10","TEMP_AGUA":"26"}]},{"CODIGO":"176","MUNICIPIO_COD_IBGE":"4202008","MUNICIPIO":"BALNE\u00c1RIO CAMBORI\u00da","PONTO_NOME":"Ponto 02","BALNEARIO":"PRAIA DO BALN. CAMBORI\u00da","LOCALIZACAO":"Em frente \u00e0 Rua 1001","LATITUDE":"-26.98346065825088","LONGITUDE":"-48.63347627600174","ANALISES":[{"DATA":"27\/04\/2026","CONDICAO":"PR\u00d3PRIO","CHUVA":"Moderada","RESULTADO":"368","TEMP_AGUA":"23"},{"DATA":"22\/04\/2026","CONDICAO":"PR\u00d3PRIO","CHUVA":"Ausente","RESULTADO":"75","TEMP_AGUA":"24"},{"DATA":"13\/04\/2026","CONDICAO":"PR\u00d3PRIO","CHUVA":"Fraca","RESULTADO":"122","TEMP_AGUA":"23"},{"DATA":"06\/04\/2026","CONDICAO":"PR\u00d3PRIO","CHUVA":"Intensa","RESULTADO":"10","TEMP_AGUA":"25"},{"DATA":"30\/03\/2026","CONDICAO":"PR\u00d3PRIO","CHUVA":"Ausente","RESULTADO":"20","TEMP_AGUA":"26"}]},{"CODIGO":"204","MUNICIPIO_COD_IBGE":"4202453","MUNICIPIO":"BOMBINHAS","PONTO_NOME":"Ponto 06","BALNEARIO":"PRAIA DE BOMBINHAS","LOCALIZACAO":"No canto direito da praia, pr\u00f3ximo ao riacho","LATITUDE":"-27.1480884648508","LONGITUDE":"-48.48383546886718","ANALISES":[{"DATA":"27\/04\/2026","CONDICAO":"PR\u00d3PRIO","CHUVA":"Moderada","RESULTADO":"40","TEMP_AGUA":"23"},{"DATA":"30\/03\/2026","CONDICAO":"IMPR\u00d3PRIO","CHUVA":"Ausente","RESULTADO":"9804","TEMP_AGUA":"26"},{"DATA":"24\/03\/2026","CONDICAO":"IMPR\u00d3PRIO","CHUVA":"Ausente","RESULTADO":"697","TEMP_AGUA":"26"},{"DATA":"16\/03\/2026","CONDICAO":"IMPR\u00d3PRIO","CHUVA":"Ausente","RESULTADO":"591","TEMP_AGUA":"26"},{"DATA":"09\/03\/2026","CONDICAO":"IMPR\u00d3PRIO","CHUVA":"Fraca","RESULTADO":"798","TEMP_AGUA":"25"}]},{"CODIGO":"194","MUNICIPIO_COD_IBGE":"4208302","MUNICIPIO":"ITAPEMA","PONTO_NOME":"Ponto 07","BALNEARIO":"PRAIA DE ITAPEMA","LOCALIZACAO":"Na Rua 129 E 1 - sul do Rio Bela Cruz","LATITUDE":"-27.095568","LONGITUDE":"-48.611850","ANALISES":[{"DATA":"27\/04\/2026","CONDICAO":"PR\u00d3PRIO","CHUVA":"Moderada","RESULTADO":"20","TEMP_AGUA":"25"},{"DATA":"30\/03\/2026","CONDICAO":"PR\u00d3PRIO","CHUVA":"Ausente","RESULTADO":"160","TEMP_AGUA":"28"},{"DATA":"24\/03\/2026","CONDICAO":"PR\u00d3PRIO","CHUVA":"Ausente","RESULTADO":"75","TEMP_AGUA":"28"},{"DATA":"16\/03\/2026","CONDICAO":"PR\u00d3PRIO","CHUVA":"Ausente","RESULTADO":"85","TEMP_AGUA":"28"},{"DATA":"09\/03\/2026","CONDICAO":"PR\u00d3PRIO","CHUVA":"Fraca","RESULTADO":"171","TEMP_AGUA":"26"}]},{"CODIGO":"175","MUNICIPIO_COD_IBGE":"4202008","MUNICIPIO":"BALNE\u00c1RIO CAMBORI\u00da","PONTO_NOME":"Ponto 01","BALNEARIO":"PRAIA DO BALN. CAMBORI\u00da","LOCALIZACAO":"No Pontal Norte","LATITUDE":"-26.9724484643764","LONGITUDE":"-48.6327700443469","ANALISES":[{"DATA":"27\/04\/2026","CONDICAO":"PR\u00d3PRIO","CHUVA":"Moderada","RESULTADO":"448","TEMP_AGUA":"23"},{"DATA":"22\/04\/2026","CONDICAO":"PR\u00d3PRIO","CHUVA":"Ausente","RESULTADO":"121","TEMP_AGUA":"24"},{"DATA":"13\/04\/2026","CONDICAO":"IMPR\u00d3PRIO","CHUVA":"Fraca","RESULTADO":"1100","TEMP_AGUA":"23"},{"DATA":"06\/04\/2026","CONDICAO":"IMPR\u00d3PRIO","CHUVA":"Intensa","RESULTADO":"187","TEMP_AGUA":"25"},{"DATA":"30\/03\/2026","CONDICAO":"IMPR\u00d3PRIO","CHUVA":"Ausente","RESULTADO":"74","TEMP_AGUA":"26"}]},{"CODIGO":"196","MUNICIPIO_COD_IBGE":"4208302","MUNICIPIO":"ITAPEMA","PONTO_NOME":"Ponto 09","BALNEARIO":"PRAIA DE ITAPEMA","LOCALIZACAO":"Na Rua 163","LATITUDE":"-27.106629","LONGITUDE":"-48.611902","ANALISES":[{"DATA":"27\/04\/2026","CONDICAO":"PR\u00d3PRIO","CHUVA":"Moderada","RESULTADO":"20","TEMP_AGUA":"25"},{"DATA":"30\/03\/2026","CONDICAO":"PR\u00d3PRIO","CHUVA":"Ausente","RESULTADO":"20","TEMP_AGUA":"28"},{"DATA":"24\/03\/2026","CONDICAO":"PR\u00d3PRIO","CHUVA":"Ausente","RESULTADO":"63","TEMP_AGUA":"28"},{"DATA":"16\/03\/2026","CONDICAO":"PR\u00d3PRIO","CHUVA":"Ausente","RESULTADO":"158","TEMP_AGUA":"28"},{"DATA":"09\/03\/2026","CONDICAO":"PR\u00d3PRIO","CHUVA":"Fraca","RESULTADO":"31","TEMP_AGUA":"26"}]},{"CODIGO":"197","MUNICIPIO_COD_IBGE":"4213500","MUNICIPIO":"PORTO BELO","PONTO_NOME":"Ponto 01","BALNEARIO":"PRAIA DE PORTO BELO","LOCALIZACAO":"Rua Manoel F. da S. Neto - ao lado do trapiche","LATITUDE":"-27.15446381672664","LONGITUDE":"-48.54495362189123","ANALISES":[{"DATA":"27\/04\/2026","CONDICAO":"PR\u00d3PRIO","CHUVA":"Moderada","RESULTADO":"158","TEMP_AGUA":"24"},{"DATA":"30\/03\/2026","CONDICAO":"IMPR\u00d3PRIO","CHUVA":"Ausente","RESULTADO":"448","TEMP_AGUA":"27"},{"DATA":"24\/03\/2026","CONDICAO":"IMPR\u00d3PRIO","CHUVA":"Ausente","RESULTADO":"1793","TEMP_AGUA":"27"},{"DATA":"16\/03\/2026","CONDICAO":"IMPR\u00d3PRIO","CHUVA":"Ausente","RESULTADO":"173","TEMP_AGUA":"27"},{"DATA":"09\/03\/2026","CONDICAO":"IMPR\u00d3PRIO","CHUVA":"Fraca","RESULTADO":"241","TEMP_AGUA":"25"}]},{"CODIGO":"198","MUNICIPIO_COD_IBGE":"4213500","MUNICIPIO":"PORTO BELO","PONTO_NOME":"Ponto 02","BALNEARIO":"PRAIA DE PORTO BELO","LOCALIZACAO":"Rua Jo\u00e3o B. Guerreiro","LATITUDE":"-27.157488","LONGITUDE":"-48.552685","ANALISES":[{"DATA":"27\/04\/2026","CONDICAO":"PR\u00d3PRIO","CHUVA":"Moderada","RESULTADO":"163","TEMP_AGUA":"24"},{"DATA":"30\/03\/2026","CONDICAO":"PR\u00d3PRIO","CHUVA":"Ausente","RESULTADO":"121","TEMP_AGUA":"27"},{"DATA":"24\/03\/2026","CONDICAO":"PR\u00d3PRIO","CHUVA":"Ausente","RESULTADO":"156","TEMP_AGUA":"27"},{"DATA":"16\/03\/2026","CONDICAO":"PR\u00d3PRIO","CHUVA":"Ausente","RESULTADO":"327","TEMP_AGUA":"27"},{"DATA":"09\/03\/2026","CONDICAO":"PR\u00d3PRIO","CHUVA":"Fraca","RESULTADO":"142","TEMP_AGUA":"25"}]},{"CODIGO":"199","MUNICIPIO_COD_IBGE":"4213500","MUNICIPIO":"PORTO BELO","PONTO_NOME":"Ponto 06","BALNEARIO":"PRAIA DE PORTO BELO","LOCALIZACAO":"Rua Cap. Gualberto Leal Nunes","LATITUDE":"-27.151921450344062","LONGITUDE":"-48.54302205210671","ANALISES":[{"DATA":"27\/04\/2026","CONDICAO":"PR\u00d3PRIO","CHUVA":"Moderada","RESULTADO":"155","TEMP_AGUA":"24"},{"DATA":"30\/03\/2026","CONDICAO":"PR\u00d3PRIO","CHUVA":"Ausente","RESULTADO":"122","TEMP_AGUA":"27"},{"DATA":"24\/03\/2026","CONDICAO":"PR\u00d3PRIO","CHUVA":"Ausente","RESULTADO":"359","TEMP_AGUA":"26"},{"DATA":"16\/03\/2026","CONDICAO":"PR\u00d3PRIO","CHUVA":"Ausente","RESULTADO":"121","TEMP_AGUA":"27"},{"DATA":"09\/03\/2026","CONDICAO":"PR\u00d3PRIO","CHUVA":"Fraca","RESULTADO":"141","TEMP_AGUA":"25"}]},{"CODIGO":"200","MUNICIPIO_COD_IBGE":"4213500","MUNICIPIO":"PORTO BELO","PONTO_NOME":"Ponto 03","BALNEARIO":"PRAIA DE PEREQU\u00ca","LOCALIZACAO":"Foz do rio Perequezinho","LATITUDE":"-27.155668","LONGITUDE":"-48.564243","ANALISES":[{"DATA":"27\/04\/2026","CONDICAO":"PR\u00d3PRIO","CHUVA":"Moderada","RESULTADO":"256","TEMP_AGUA":"25"},{"DATA":"30\/03\/2026","CONDICAO":"PR\u00d3PRIO","CHUVA":"Ausente","RESULTADO":"231","TEMP_AGUA":"28"},{"DATA":"24\/03\/2026","CONDICAO":"PR\u00d3PRIO","CHUVA":"Ausente","RESULTADO":"384","TEMP_AGUA":"27"},{"DATA":"16\/03\/2026","CONDICAO":"PR\u00d3PRIO","CHUVA":"Ausente","RESULTADO":"450","TEMP_AGUA":"27"},{"DATA":"09\/03\/2026","CONDICAO":"PR\u00d3PRIO","CHUVA":"Fraca","RESULTADO":"233","TEMP_AGUA":"25"}]},{"CODIGO":"201","MUNICIPIO_COD_IBGE":"4213500","MUNICIPIO":"PORTO BELO","PONTO_NOME":"Ponto 04","BALNEARIO":"PRAIA DE PEREQU\u00ca","LOCALIZACAO":"Rua Rubens Alves","LATITUDE":"-27.152644","LONGITUDE":"-48.571603","ANALISES":[{"DATA":"27\/04\/2026","CONDICAO":"PR\u00d3PRIO","CHUVA":"Moderada","RESULTADO":"171","TEMP_AGUA":"25"},{"DATA":"30\/03\/2026","CONDICAO":"PR\u00d3PRIO","CHUVA":"Ausente","RESULTADO":"122","TEMP_AGUA":"28"},{"DATA":"24\/03\/2026","CONDICAO":"PR\u00d3PRIO","CHUVA":"Ausente","RESULTADO":"169","TEMP_AGUA":"27"},{"DATA":"16\/03\/2026","CONDICAO":"PR\u00d3PRIO","CHUVA":"Ausente","RESULTADO":"556","TEMP_AGUA":"27"},{"DATA":"09\/03\/2026","CONDICAO":"PR\u00d3PRIO","CHUVA":"Fraca","RESULTADO":"30","TEMP_AGUA":"25"}]},{"CODIGO":"202","MUNICIPIO_COD_IBGE":"4213500","MUNICIPIO":"PORTO BELO","PONTO_NOME":"Ponto 05","BALNEARIO":"PRAIA DE PEREQU\u00ca","LOCALIZACAO":"Rua Alm. Fonseca Neves","LATITUDE":"-27.145636","LONGITUDE":"-48.582959","ANALISES":[{"DATA":"27\/04\/2026","CONDICAO":"PR\u00d3PRIO","CHUVA":"Moderada","RESULTADO":"31","TEMP_AGUA":"25"},{"DATA":"30\/03\/2026","CONDICAO":"PR\u00d3PRIO","CHUVA":"Ausente","RESULTADO":"41","TEMP_AGUA":"28"},{"DATA":"24\/03\/2026","CONDICAO":"PR\u00d3PRIO","CHUVA":"Ausente","RESULTADO":"202","TEMP_AGUA":"27"},{"DATA":"16\/03\/2026","CONDICAO":"PR\u00d3PRIO","CHUVA":"Ausente","RESULTADO":"10","TEMP_AGUA":"27"},{"DATA":"09\/03\/2026","CONDICAO":"PR\u00d3PRIO","CHUVA":"Fraca","RESULTADO":"30","TEMP_AGUA":"25"}]},{"CODIGO":"203","MUNICIPIO_COD_IBGE":"4202453","MUNICIPIO":"BOMBINHAS","PONTO_NOME":"Ponto 01","BALNEARIO":"PRAIA DE BOMBINHAS","LOCALIZACAO":"Em frente \u00e0 Servid\u00e3o Avenida Vereador Manoel Jos\u00e9 dos Santos, altura n\u00b01.149","LATITUDE":"-27.14792174465255","LONGITUDE":"-48.49115201961551","ANALISES":[{"DATA":"27\/04\/2026","CONDICAO":"PR\u00d3PRIO","CHUVA":"Moderada","RESULTADO":"233","TEMP_AGUA":"23"},{"DATA":"30\/03\/2026","CONDICAO":"PR\u00d3PRIO","CHUVA":"Ausente","RESULTADO":"426","TEMP_AGUA":"26"},{"DATA":"24\/03\/2026","CONDICAO":"IMPR\u00d3PRIO","CHUVA":"Ausente","RESULTADO":"393","TEMP_AGUA":"26"},{"DATA":"16\/03\/2026","CONDICAO":"IMPR\u00d3PRIO","CHUVA":"Ausente","RESULTADO":"457","TEMP_AGUA":"27"},{"DATA":"09\/03\/2026","CONDICAO":"IMPR\u00d3PRIO","CHUVA":"Fraca","RESULTADO":"1210","TEMP_AGUA":"25"}]},{"CODIGO":"236","MUNICIPIO_COD_IBGE":"4205407","MUNICIPIO":"FLORIAN\u00d3POLIS","PONTO_NOME":"Ponto 20","BALNEARIO":"PRAIA DE CANASVIEIRAS","LOCALIZACAO":"Em frente \u00e0 Rua das Fl\u00f4res","LATITUDE":"-27.4274828677218","LONGITUDE":"-48.4650189475903","ANALISES":[{"DATA":"27\/04\/2026","CONDICAO":"PR\u00d3PRIO","CHUVA":"Intensa","RESULTADO":"97","TEMP_AGUA":"25"},{"DATA":"30\/03\/2026","CONDICAO":"PR\u00d3PRIO","CHUVA":"Ausente","RESULTADO":"233","TEMP_AGUA":"27"},{"DATA":"24\/03\/2026","CONDICAO":"PR\u00d3PRIO","CHUVA":"Fraca","RESULTADO":"74","TEMP_AGUA":"27"},{"DATA":"16\/03\/2026","CONDICAO":"PR\u00d3PRIO","CHUVA":"Ausente","RESULTADO":"428","TEMP_AGUA":"27"},{"DATA":"09\/03\/2026","CONDICAO":"PR\u00d3PRIO","CHUVA":"Intensa","RESULTADO":"85","TEMP_AGUA":"25"}]},{"CODIGO":"238","MUNICIPIO_COD_IBGE":"4205407","MUNICIPIO":"FLORIAN\u00d3POLIS","PONTO_NOME":"Ponto 22","BALNEARIO":"PRAIA DE CANASVIEIRAS","LOCALIZACAO":"\u00c0 esquerda do trapiche","LATITUDE":"-27.42598510565","LONGITUDE":"-48.45018893125","ANALISES":[{"DATA":"27\/04\/2026","CONDICAO":"PR\u00d3PRIO","CHUVA":"Intensa","RESULTADO":"134","TEMP_AGUA":"24"},{"DATA":"30\/03\/2026","CONDICAO":"PR\u00d3PRIO","CHUVA":"Ausente","RESULTADO":"41","TEMP_AGUA":"27"},{"DATA":"24\/03\/2026","CONDICAO":"PR\u00d3PRIO","CHUVA":"Fraca","RESULTADO":"153","TEMP_AGUA":"27"},{"DATA":"16\/03\/2026","CONDICAO":"PR\u00d3PRIO","CHUVA":"Ausente","RESULTADO":"359","TEMP_AGUA":"27"},{"DATA":"09\/03\/2026","CONDICAO":"PR\u00d3PRIO","CHUVA":"Intensa","RESULTADO":"52","TEMP_AGUA":"25"}]},{"CODIGO":"294","MUNICIPIO_COD_IBGE":"4209409","MUNICIPIO":"LAGUNA","PONTO_NOME":"Ponto 05","BALNEARIO":"PRAIA DA TERESA","LOCALIZACAO":"No meio da praia","LATITUDE":"-28.52486","LONGITUDE":"-48.762815","ANALISES":[{"DATA":"28\/04\/2026","CONDICAO":"PR\u00d3PRIO","CHUVA":"Ausente","RESULTADO":"10","TEMP_AGUA":"21"},{"DATA":"31\/03\/2026","CONDICAO":"PR\u00d3PRIO","CHUVA":"Fraca","RESULTADO":"10","TEMP_AGUA":"22"},{"DATA":"24\/03\/2026","CONDICAO":"PR\u00d3PRIO","CHUVA":"Fraca","RESULTADO":"10","TEMP_AGUA":"19"},{"DATA":"17\/03\/2026","CONDICAO":"PR\u00d3PRIO","CHUVA":"Ausente","RESULTADO":"10","TEMP_AGUA":"20"},{"DATA":"10\/03\/2026","CONDICAO":"PR\u00d3PRIO","CHUVA":"Fraca","RESULTADO":"10","TEMP_AGUA":"21"}]},{"CODIGO":"282","MUNICIPIO_COD_IBGE":"4205704","MUNICIPIO":"GAROPABA","PONTO_NOME":"Ponto 03","BALNEARIO":"PRAIA DO SIRI\u00da","LOCALIZACAO":"Estrada Geral da Praia do Siri\u00fa","LATITUDE":"-27.9747579129526","LONGITUDE":"-48.62823306755015","ANALISES":[{"DATA":"28\/04\/2026","CONDICAO":"PR\u00d3PRIO","CHUVA":"Ausente","RESULTADO":"10","TEMP_AGUA":"21"},{"DATA":"31\/03\/2026","CONDICAO":"PR\u00d3PRIO","CHUVA":"Moderada","RESULTADO":"10","TEMP_AGUA":"20"},{"DATA":"24\/03\/2026","CONDICAO":"PR\u00d3PRIO","CHUVA":"Fraca","RESULTADO":"10","TEMP_AGUA":"19"},{"DATA":"17\/03\/2026","CONDICAO":"PR\u00d3PRIO","CHUVA":"Ausente","RESULTADO":"10","TEMP_AGUA":"22"},{"DATA":"10\/03\/2026","CONDICAO":"PR\u00d3PRIO","CHUVA":"Moderada","RESULTADO":"31","TEMP_AGUA":"20"}]},{"CODIGO":"270","MUNICIPIO_COD_IBGE":"4205407","MUNICIPIO":"FLORIAN\u00d3POLIS","PONTO_NOME":"Ponto 48","BALNEARIO":"PRAIA DA TAPERA","LOCALIZACAO":"No meio da praia","LATITUDE":"-27.688595364518","LONGITUDE":"-48.568754849876","ANALISES":[{"DATA":"27\/04\/2026","CONDICAO":"PR\u00d3PRIO","CHUVA":"Moderada","RESULTADO":"520","TEMP_AGUA":"24"},{"DATA":"30\/03\/2026","CONDICAO":"IMPR\u00d3PRIO","CHUVA":"Ausente","RESULTADO":"520","TEMP_AGUA":"27"},{"DATA":"24\/03\/2026","CONDICAO":"IMPR\u00d3PRIO","CHUVA":"Ausente","RESULTADO":"1354","TEMP_AGUA":"26"},{"DATA":"16\/03\/2026","CONDICAO":"PR\u00d3PRIO","CHUVA":"Ausente","RESULTADO":"145","TEMP_AGUA":"26"},{"DATA":"09\/03\/2026","CONDICAO":"PR\u00d3PRIO","CHUVA":"Moderada","RESULTADO":"281","TEMP_AGUA":"25"}]},{"CODIGO":"271","MUNICIPIO_COD_IBGE":"4205407","MUNICIPIO":"FLORIAN\u00d3POLIS","PONTO_NOME":"Ponto 49","BALNEARIO":"PRAIA DA BASE A\u00c9REA","LOCALIZACAO":"Ao lado do trapiche","LATITUDE":"-27.67747112330876","LONGITUDE":"-48.56779522552024","ANALISES":[{"DATA":"27\/04\/2026","CONDICAO":"PR\u00d3PRIO","CHUVA":"Moderada","RESULTADO":"146","TEMP_AGUA":"24"},{"DATA":"30\/03\/2026","CONDICAO":"PR\u00d3PRIO","CHUVA":"Ausente","RESULTADO":"74","TEMP_AGUA":"27"},{"DATA":"24\/03\/2026","CONDICAO":"PR\u00d3PRIO","CHUVA":"Ausente","RESULTADO":"86","TEMP_AGUA":"26"},{"DATA":"16\/03\/2026","CONDICAO":"PR\u00d3PRIO","CHUVA":"Ausente","RESULTADO":"62","TEMP_AGUA":"26"},{"DATA":"09\/03\/2026","CONDICAO":"PR\u00d3PRIO","CHUVA":"Moderada","RESULTADO":"41","TEMP_AGUA":"25"}]},{"CODIGO":"273","MUNICIPIO_COD_IBGE":"4205407","MUNICIPIO":"FLORIAN\u00d3POLIS","PONTO_NOME":"Ponto 53","BALNEARIO":"PRAIA DE JURERE INTERNACIONAL","LOCALIZACAO":"Em frente \u00e0 Avenida dos Salm\u00f5es","LATITUDE":"-27.436608832162","LONGITUDE":"-48.501681664501","ANALISES":[{"DATA":"27\/04\/2026","CONDICAO":"PR\u00d3PRIO","CHUVA":"Intensa","RESULTADO":"41","TEMP_AGUA":"25"},{"DATA":"30\/03\/2026","CONDICAO":"PR\u00d3PRIO","CHUVA":"Ausente","RESULTADO":"98","TEMP_AGUA":"27"},{"DATA":"24\/03\/2026","CONDICAO":"PR\u00d3PRIO","CHUVA":"Fraca","RESULTADO":"158","TEMP_AGUA":"27"},{"DATA":"16\/03\/2026","CONDICAO":"PR\u00d3PRIO","CHUVA":"Ausente","RESULTADO":"52","TEMP_AGUA":"27"},{"DATA":"09\/03\/2026","CONDICAO":"PR\u00d3PRIO","CHUVA":"Intensa","RESULTADO":"41","TEMP_AGUA":"25"}]},{"CODIGO":"274","MUNICIPIO_COD_IBGE":"4205407","MUNICIPIO":"FLORIAN\u00d3POLIS","PONTO_NOME":"Ponto 56","BALNEARIO":"PRAIA DA CACHOEIRA DO BOM JESUS","LOCALIZACAO":"Em frente ao trevo dos Ingl\u00eases","LATITUDE":"-27.42036700047639","LONGITUDE":"-48.43512099630686","ANALISES":[{"DATA":"27\/04\/2026","CONDICAO":"PR\u00d3PRIO","CHUVA":"Intensa","RESULTADO":"231","TEMP_AGUA":"23"},{"DATA":"30\/03\/2026","CONDICAO":"PR\u00d3PRIO","CHUVA":"Ausente","RESULTADO":"20","TEMP_AGUA":"27"},{"DATA":"24\/03\/2026","CONDICAO":"PR\u00d3PRIO","CHUVA":"Fraca","RESULTADO":"160","TEMP_AGUA":"26"},{"DATA":"16\/03\/2026","CONDICAO":"PR\u00d3PRIO","CHUVA":"Ausente","RESULTADO":"85","TEMP_AGUA":"26"},{"DATA":"09\/03\/2026","CONDICAO":"PR\u00d3PRIO","CHUVA":"Intensa","RESULTADO":"85","TEMP_AGUA":"25"}]},{"CODIGO":"276","MUNICIPIO_COD_IBGE":"4211900","MUNICIPIO":"PALHO\u00c7A","PONTO_NOME":"Ponto 01","BALNEARIO":"PRAIA DO SONHO","LOCALIZACAO":"Em frente \u00e0 Rua Canind\u00e9","LATITUDE":"-27.836723","LONGITUDE":"-48.587337","ANALISES":[{"DATA":"28\/04\/2026","CONDICAO":"PR\u00d3PRIO","CHUVA":"Ausente","RESULTADO":"31","TEMP_AGUA":"23"},{"DATA":"31\/03\/2026","CONDICAO":"PR\u00d3PRIO","CHUVA":"Moderada","RESULTADO":"85","TEMP_AGUA":"23"},{"DATA":"25\/03\/2026","CONDICAO":"PR\u00d3PRIO","CHUVA":"Ausente","RESULTADO":"10","TEMP_AGUA":"19"},{"DATA":"17\/03\/2026","CONDICAO":"PR\u00d3PRIO","CHUVA":"Ausente","RESULTADO":"63","TEMP_AGUA":"21"},{"DATA":"10\/03\/2026","CONDICAO":"PR\u00d3PRIO","CHUVA":"Moderada","RESULTADO":"20","TEMP_AGUA":"21"}]},{"CODIGO":"277","MUNICIPIO_COD_IBGE":"4211900","MUNICIPIO":"PALHO\u00c7A","PONTO_NOME":"Ponto 02","BALNEARIO":"PRAIA DA PINHEIRA","LOCALIZACAO":"Em frente \u00e0 Rua Manoel Martins (Rua dos Pescadores)","LATITUDE":"-27.88432685157649","LONGITUDE":"-48.588786618656414","ANALISES":[{"DATA":"28\/04\/2026","CONDICAO":"PR\u00d3PRIO","CHUVA":"Ausente","RESULTADO":"399","TEMP_AGUA":"21"},{"DATA":"31\/03\/2026","CONDICAO":"IMPR\u00d3PRIO","CHUVA":"Moderada","RESULTADO":"2014","TEMP_AGUA":"20"},{"DATA":"25\/03\/2026","CONDICAO":"PR\u00d3PRIO","CHUVA":"Ausente","RESULTADO":"20","TEMP_AGUA":"21"},{"DATA":"17\/03\/2026","CONDICAO":"PR\u00d3PRIO","CHUVA":"Ausente","RESULTADO":"10","TEMP_AGUA":"23"},{"DATA":"10\/03\/2026","CONDICAO":"PR\u00d3PRIO","CHUVA":"Moderada","RESULTADO":"73","TEMP_AGUA":"21"}]},{"CODIGO":"278","MUNICIPIO_COD_IBGE":"4211900","MUNICIPIO":"PALHO\u00c7A","PONTO_NOME":"Ponto 03","BALNEARIO":"GUARDA DO EMBAU","LOCALIZACAO":"No Rio, em frente \u00e0 vila","LATITUDE":"-27.903451","LONGITUDE":"-48.590357","ANALISES":[{"DATA":"28\/04\/2026","CONDICAO":"PR\u00d3PRIO","CHUVA":"Ausente","RESULTADO":"187","TEMP_AGUA":"21"},{"DATA":"31\/03\/2026","CONDICAO":"PR\u00d3PRIO","CHUVA":"Moderada","RESULTADO":"295","TEMP_AGUA":"24"},{"DATA":"25\/03\/2026","CONDICAO":"PR\u00d3PRIO","CHUVA":"Ausente","RESULTADO":"187","TEMP_AGUA":"22"},{"DATA":"17\/03\/2026","CONDICAO":"PR\u00d3PRIO","CHUVA":"Ausente","RESULTADO":"262","TEMP_AGUA":"26"},{"DATA":"10\/03\/2026","CONDICAO":"PR\u00d3PRIO","CHUVA":"Moderada","RESULTADO":"309","TEMP_AGUA":"22"}]},{"CODIGO":"279","MUNICIPIO_COD_IBGE":"4211900","MUNICIPIO":"PALHO\u00c7A","PONTO_NOME":"Ponto 04","BALNEARIO":"PRAIA DE FORA","LOCALIZACAO":"Em frente \u00e0 Rua Ant\u00f4nio J\u00falio Fagundes","LATITUDE":"-27.737512","LONGITUDE":"-48.634415","ANALISES":[{"DATA":"28\/04\/2026","CONDICAO":"PR\u00d3PRIO","CHUVA":"Ausente","RESULTADO":"282","TEMP_AGUA":"22"},{"DATA":"31\/03\/2026","CONDICAO":"PR\u00d3PRIO","CHUVA":"Moderada","RESULTADO":"158","TEMP_AGUA":"27"},{"DATA":"25\/03\/2026","CONDICAO":"PR\u00d3PRIO","CHUVA":"Ausente","RESULTADO":"160","TEMP_AGUA":"28"},{"DATA":"17\/03\/2026","CONDICAO":"PR\u00d3PRIO","CHUVA":"Ausente","RESULTADO":"364","TEMP_AGUA":"27"},{"DATA":"10\/03\/2026","CONDICAO":"PR\u00d3PRIO","CHUVA":"Moderada","RESULTADO":"10","TEMP_AGUA":"24"}]},{"CODIGO":"280","MUNICIPIO_COD_IBGE":"4205704","MUNICIPIO":"GAROPABA","PONTO_NOME":"Ponto 01","BALNEARIO":"PRAIA DE GAROPABA","LOCALIZACAO":"Em frente \u00e0 pra\u00e7a","LATITUDE":"-28.0232942299274","LONGITUDE":"-48.6142766940151","ANALISES":[{"DATA":"28\/04\/2026","CONDICAO":"PR\u00d3PRIO","CHUVA":"Ausente","RESULTADO":"75","TEMP_AGUA":"21"},{"DATA":"31\/03\/2026","CONDICAO":"PR\u00d3PRIO","CHUVA":"Moderada","RESULTADO":"435","TEMP_AGUA":"20"},{"DATA":"24\/03\/2026","CONDICAO":"PR\u00d3PRIO","CHUVA":"Fraca","RESULTADO":"175","TEMP_AGUA":"21"},{"DATA":"17\/03\/2026","CONDICAO":"PR\u00d3PRIO","CHUVA":"Ausente","RESULTADO":"959","TEMP_AGUA":"23"},{"DATA":"10\/03\/2026","CONDICAO":"PR\u00d3PRIO","CHUVA":"Moderada","RESULTADO":"305","TEMP_AGUA":"20"}]},{"CODIGO":"281","MUNICIPIO_COD_IBGE":"4205704","MUNICIPIO":"GAROPABA","PONTO_NOME":"Ponto 02","BALNEARIO":"PRAIA DE GAROPABA","LOCALIZACAO":"Na Rua Lauro Severiano Muller","LATITUDE":"-28.0224338180355","LONGITUDE":"-48.618769490638","ANALISES":[{"DATA":"28\/04\/2026","CONDICAO":"PR\u00d3PRIO","CHUVA":"Ausente","RESULTADO":"295","TEMP_AGUA":"21"},{"DATA":"31\/03\/2026","CONDICAO":"PR\u00d3PRIO","CHUVA":"Moderada","RESULTADO":"327","TEMP_AGUA":"20"},{"DATA":"24\/03\/2026","CONDICAO":"PR\u00d3PRIO","CHUVA":"Fraca","RESULTADO":"243","TEMP_AGUA":"21"},{"DATA":"17\/03\/2026","CONDICAO":"PR\u00d3PRIO","CHUVA":"Ausente","RESULTADO":"420","TEMP_AGUA":"23"},{"DATA":"10\/03\/2026","CONDICAO":"PR\u00d3PRIO","CHUVA":"Ausente","RESULTADO":"10","TEMP_AGUA":"20"}]},{"CODIGO":"283","MUNICIPIO_COD_IBGE":"4207304","MUNICIPIO":"IMBITUBA","PONTO_NOME":"Ponto 01","BALNEARIO":"PRAIA DO ROSA","LOCALIZACAO":"No canto sul, pr\u00f3ximo ao Posto de Salva Vidas","LATITUDE":"-28.13524048846","LONGITUDE":"-48.642437394164","ANALISES":[{"DATA":"28\/04\/2026","CONDICAO":"PR\u00d3PRIO","CHUVA":"Ausente","RESULTADO":"10","TEMP_AGUA":"21"},{"DATA":"31\/03\/2026","CONDICAO":"PR\u00d3PRIO","CHUVA":"Moderada","RESULTADO":"10","TEMP_AGUA":"20"},{"DATA":"24\/03\/2026","CONDICAO":"PR\u00d3PRIO","CHUVA":"Fraca","RESULTADO":"41","TEMP_AGUA":"21"},{"DATA":"17\/03\/2026","CONDICAO":"PR\u00d3PRIO","CHUVA":"Ausente","RESULTADO":"10","TEMP_AGUA":"23"},{"DATA":"10\/03\/2026","CONDICAO":"PR\u00d3PRIO","CHUVA":"Moderada","RESULTADO":"10","TEMP_AGUA":"20"}]},{"CODIGO":"137","MUNICIPIO_COD_IBGE":"4208450","MUNICIPIO":"ITAPO\u00c1","PONTO_NOME":"Ponto 02","BALNEARIO":"PRAIA DE ITAPO\u00c1","LOCALIZACAO":"Balne\u00e1rio Paese, entre \u00e0 Rua 1020 e 1030","LATITUDE":"-26.085764873822533","LONGITUDE":"-48.603848889955664","ANALISES":[{"DATA":"28\/04\/2026","CONDICAO":"PR\u00d3PRIO","CHUVA":"Ausente","RESULTADO":"31","TEMP_AGUA":"24"},{"DATA":"31\/03\/2026","CONDICAO":"PR\u00d3PRIO","CHUVA":"Moderada","RESULTADO":"86","TEMP_AGUA":"26"},{"DATA":"25\/03\/2026","CONDICAO":"PR\u00d3PRIO","CHUVA":"Ausente","RESULTADO":"10","TEMP_AGUA":"26"},{"DATA":"17\/03\/2026","CONDICAO":"PR\u00d3PRIO","CHUVA":"Ausente","RESULTADO":"20","TEMP_AGUA":"27"},{"DATA":"10\/03\/2026","CONDICAO":"PR\u00d3PRIO","CHUVA":"Fraca","RESULTADO":"121","TEMP_AGUA":"26"}]},{"CODIGO":"284","MUNICIPIO_COD_IBGE":"4207304","MUNICIPIO":"IMBITUBA","PONTO_NOME":"Ponto 02","BALNEARIO":"LAGOA DE IBIRAQUERA","LOCALIZACAO":"Pr\u00f3ximo \u00e0 foz da Lagoa","LATITUDE":"-28.15391989591","LONGITUDE":"-48.653592950768","ANALISES":[{"DATA":"28\/04\/2026","CONDICAO":"PR\u00d3PRIO","CHUVA":"Ausente","RESULTADO":"31","TEMP_AGUA":"20"},{"DATA":"31\/03\/2026","CONDICAO":"PR\u00d3PRIO","CHUVA":"Moderada","RESULTADO":"481","TEMP_AGUA":"24"},{"DATA":"24\/03\/2026","CONDICAO":"PR\u00d3PRIO","CHUVA":"Fraca","RESULTADO":"110","TEMP_AGUA":"20"},{"DATA":"17\/03\/2026","CONDICAO":"PR\u00d3PRIO","CHUVA":"Ausente","RESULTADO":"31","TEMP_AGUA":"24"},{"DATA":"10\/03\/2026","CONDICAO":"PR\u00d3PRIO","CHUVA":"Moderada","RESULTADO":"30","TEMP_AGUA":"22"}]},{"CODIGO":"285","MUNICIPIO_COD_IBGE":"4207304","MUNICIPIO":"IMBITUBA","PONTO_NOME":"Ponto 03","BALNEARIO":"PRAIA DE IBIRAQUERA","LOCALIZACAO":"100 metros ao sul da foz da Lagoa","LATITUDE":"-28.1566357073142","LONGITUDE":"-48.652536003985","ANALISES":[{"DATA":"28\/04\/2026","CONDICAO":"PR\u00d3PRIO","CHUVA":"Ausente","RESULTADO":"161","TEMP_AGUA":"21"},{"DATA":"31\/03\/2026","CONDICAO":"PR\u00d3PRIO","CHUVA":"Moderada","RESULTADO":"10","TEMP_AGUA":"21"},{"DATA":"24\/03\/2026","CONDICAO":"PR\u00d3PRIO","CHUVA":"Fraca","RESULTADO":"10","TEMP_AGUA":"19"},{"DATA":"17\/03\/2026","CONDICAO":"PR\u00d3PRIO","CHUVA":"Ausente","RESULTADO":"10","TEMP_AGUA":"20"},{"DATA":"10\/03\/2026","CONDICAO":"PR\u00d3PRIO","CHUVA":"Moderada","RESULTADO":"10","TEMP_AGUA":"22"}]},{"CODIGO":"286","MUNICIPIO_COD_IBGE":"4207304","MUNICIPIO":"IMBITUBA","PONTO_NOME":"Ponto 04","BALNEARIO":"PRAIA DA RIBANCEIRA","LOCALIZACAO":"Rua Joao Martins, em frente ao Posto de Salva Vidas","LATITUDE":"-28.1900906679166","LONGITUDE":"-48.6624472347849","ANALISES":[{"DATA":"28\/04\/2026","CONDICAO":"PR\u00d3PRIO","CHUVA":"Ausente","RESULTADO":"10","TEMP_AGUA":"22"},{"DATA":"31\/03\/2026","CONDICAO":"PR\u00d3PRIO","CHUVA":"Moderada","RESULTADO":"282","TEMP_AGUA":"21"},{"DATA":"24\/03\/2026","CONDICAO":"PR\u00d3PRIO","CHUVA":"Fraca","RESULTADO":"74","TEMP_AGUA":"18"},{"DATA":"17\/03\/2026","CONDICAO":"PR\u00d3PRIO","CHUVA":"Ausente","RESULTADO":"10","TEMP_AGUA":"20"},{"DATA":"10\/03\/2026","CONDICAO":"PR\u00d3PRIO","CHUVA":"Moderada","RESULTADO":"10","TEMP_AGUA":"21"}]},{"CODIGO":"287","MUNICIPIO_COD_IBGE":"4207304","MUNICIPIO":"IMBITUBA","PONTO_NOME":"Ponto 05","BALNEARIO":"PRAIA DO PORTO","LOCALIZACAO":"Pr\u00f3ximo ao navio encalhado","LATITUDE":"-28.217041279202","LONGITUDE":"-48.666107973435","ANALISES":[{"DATA":"28\/04\/2026","CONDICAO":"PR\u00d3PRIO","CHUVA":"Ausente","RESULTADO":"75","TEMP_AGUA":"21"},{"DATA":"31\/03\/2026","CONDICAO":"PR\u00d3PRIO","CHUVA":"Moderada","RESULTADO":"359","TEMP_AGUA":"21"},{"DATA":"24\/03\/2026","CONDICAO":"PR\u00d3PRIO","CHUVA":"Fraca","RESULTADO":"10","TEMP_AGUA":"19"},{"DATA":"17\/03\/2026","CONDICAO":"PR\u00d3PRIO","CHUVA":"Ausente","RESULTADO":"10","TEMP_AGUA":"21"},{"DATA":"10\/03\/2026","CONDICAO":"PR\u00d3PRIO","CHUVA":"Moderada","RESULTADO":"173","TEMP_AGUA":"21"}]},{"CODIGO":"288","MUNICIPIO_COD_IBGE":"4207304","MUNICIPIO":"IMBITUBA","PONTO_NOME":"Ponto 06","BALNEARIO":"PRAIA DA VILA NOVA","LOCALIZACAO":"Na Rua Francisco Moreira Alves","LATITUDE":"-28.2445891956746","LONGITUDE":"-48.66090280183","ANALISES":[{"DATA":"28\/04\/2026","CONDICAO":"PR\u00d3PRIO","CHUVA":"Ausente","RESULTADO":"20","TEMP_AGUA":"20"},{"DATA":"31\/03\/2026","CONDICAO":"PR\u00d3PRIO","CHUVA":"Moderada","RESULTADO":"10","TEMP_AGUA":"20"},{"DATA":"24\/03\/2026","CONDICAO":"PR\u00d3PRIO","CHUVA":"Fraca","RESULTADO":"10","TEMP_AGUA":"18"},{"DATA":"17\/03\/2026","CONDICAO":"PR\u00d3PRIO","CHUVA":"Ausente","RESULTADO":"10","TEMP_AGUA":"20"},{"DATA":"10\/03\/2026","CONDICAO":"PR\u00d3PRIO","CHUVA":"Moderada","RESULTADO":"30","TEMP_AGUA":"21"}]},{"CODIGO":"289","MUNICIPIO_COD_IBGE":"4207304","MUNICIPIO":"IMBITUBA","PONTO_NOME":"Ponto 07","BALNEARIO":"PRAIA DA VILA NOVA","LOCALIZACAO":"Na Rua Hans de Schimidt","LATITUDE":"-28.266856892078","LONGITUDE":"-48.682572024635","ANALISES":[{"DATA":"28\/04\/2026","CONDICAO":"PR\u00d3PRIO","CHUVA":"Ausente","RESULTADO":"10","TEMP_AGUA":"20"},{"DATA":"31\/03\/2026","CONDICAO":"PR\u00d3PRIO","CHUVA":"Moderada","RESULTADO":"63","TEMP_AGUA":"20"},{"DATA":"24\/03\/2026","CONDICAO":"PR\u00d3PRIO","CHUVA":"Fraca","RESULTADO":"10","TEMP_AGUA":"18"},{"DATA":"17\/03\/2026","CONDICAO":"PR\u00d3PRIO","CHUVA":"Ausente","RESULTADO":"10","TEMP_AGUA":"20"},{"DATA":"10\/03\/2026","CONDICAO":"PR\u00d3PRIO","CHUVA":"Moderada","RESULTADO":"20","TEMP_AGUA":"21"}]},{"CODIGO":"181","MUNICIPIO_COD_IBGE":"4202008","MUNICIPIO":"BALNE\u00c1RIO CAMBORI\u00da","PONTO_NOME":"Ponto 11","BALNEARIO":"PRAIA DO BALN. CAMBORI\u00da","LOCALIZACAO":"Em frente \u00e0 Rua n\u00b03500","LATITUDE":"-26.999172202597233","LONGITUDE":"-48.622267464713","ANALISES":[{"DATA":"27\/04\/2026","CONDICAO":"PR\u00d3PRIO","CHUVA":"Moderada","RESULTADO":"97","TEMP_AGUA":"23"},{"DATA":"22\/04\/2026","CONDICAO":"PR\u00d3PRIO","CHUVA":"Ausente","RESULTADO":"52","TEMP_AGUA":"24"},{"DATA":"13\/04\/2026","CONDICAO":"PR\u00d3PRIO","CHUVA":"Fraca","RESULTADO":"51","TEMP_AGUA":"23"},{"DATA":"06\/04\/2026","CONDICAO":"PR\u00d3PRIO","CHUVA":"Intensa","RESULTADO":"31","TEMP_AGUA":"25"},{"DATA":"30\/03\/2026","CONDICAO":"PR\u00d3PRIO","CHUVA":"Ausente","RESULTADO":"109","TEMP_AGUA":"26"}]},{"CODIGO":"291","MUNICIPIO_COD_IBGE":"4209409","MUNICIPIO":"LAGUNA","PONTO_NOME":"Ponto 02","BALNEARIO":"PRAIA DO GI","LOCALIZACAO":"Em frente ao posto Salva Vidas","LATITUDE":"-28.465272","LONGITUDE":"-48.765902","ANALISES":[{"DATA":"28\/04\/2026","CONDICAO":"PR\u00d3PRIO","CHUVA":"Ausente","RESULTADO":"10","TEMP_AGUA":"23"},{"DATA":"31\/03\/2026","CONDICAO":"PR\u00d3PRIO","CHUVA":"Ausente","RESULTADO":"20","TEMP_AGUA":"24"},{"DATA":"24\/03\/2026","CONDICAO":"PR\u00d3PRIO","CHUVA":"Ausente","RESULTADO":"10","TEMP_AGUA":"21"},{"DATA":"17\/03\/2026","CONDICAO":"PR\u00d3PRIO","CHUVA":"Ausente","RESULTADO":"10","TEMP_AGUA":"21"},{"DATA":"10\/03\/2026","CONDICAO":"PR\u00d3PRIO","CHUVA":"Fraca","RESULTADO":"161","TEMP_AGUA":"25"}]},{"CODIGO":"292","MUNICIPIO_COD_IBGE":"4209409","MUNICIPIO":"LAGUNA","PONTO_NOME":"Ponto 03","BALNEARIO":"PRAIA DO MAR GROSSO","LOCALIZACAO":"Em frente ao emiss\u00e1rio da CASAN","LATITUDE":"-28.481527","LONGITUDE":"-48.76583","ANALISES":[{"DATA":"28\/04\/2026","CONDICAO":"PR\u00d3PRIO","CHUVA":"Ausente","RESULTADO":"10","TEMP_AGUA":"23"},{"DATA":"31\/03\/2026","CONDICAO":"PR\u00d3PRIO","CHUVA":"Ausente","RESULTADO":"41","TEMP_AGUA":"24"},{"DATA":"24\/03\/2026","CONDICAO":"PR\u00d3PRIO","CHUVA":"Ausente","RESULTADO":"10","TEMP_AGUA":"21"},{"DATA":"17\/03\/2026","CONDICAO":"PR\u00d3PRIO","CHUVA":"Ausente","RESULTADO":"20","TEMP_AGUA":"21"},{"DATA":"10\/03\/2026","CONDICAO":"PR\u00d3PRIO","CHUVA":"Fraca","RESULTADO":"160","TEMP_AGUA":"25"}]},{"CODIGO":"293","MUNICIPIO_COD_IBGE":"4209409","MUNICIPIO":"LAGUNA","PONTO_NOME":"Ponto 04","BALNEARIO":"LAGOA DE CABE\u00c7UDA","LOCALIZACAO":"Em frente ao Km 313 da BR 101","LATITUDE":"-28.440369","LONGITUDE":"-48.820109","ANALISES":[{"DATA":"28\/04\/2026","CONDICAO":"PR\u00d3PRIO","CHUVA":"Ausente","RESULTADO":"146","TEMP_AGUA":"23"},{"DATA":"31\/03\/2026","CONDICAO":"PR\u00d3PRIO","CHUVA":"Ausente","RESULTADO":"528","TEMP_AGUA":"24"},{"DATA":"24\/03\/2026","CONDICAO":"PR\u00d3PRIO","CHUVA":"Ausente","RESULTADO":"355","TEMP_AGUA":"21"},{"DATA":"17\/03\/2026","CONDICAO":"IMPR\u00d3PRIO","CHUVA":"Ausente","RESULTADO":"10","TEMP_AGUA":"21"},{"DATA":"10\/03\/2026","CONDICAO":"IMPR\u00d3PRIO","CHUVA":"Fraca","RESULTADO":"134","TEMP_AGUA":"25"}]},{"CODIGO":"269","MUNICIPIO_COD_IBGE":"4205407","MUNICIPIO":"FLORIAN\u00d3POLIS","PONTO_NOME":"Ponto 47","BALNEARIO":"PRAIA DO RIBEIR\u00c3O DA ILHA","LOCALIZACAO":"Em frente \u00e0 Travessa S\u00e1bino da Silva","LATITUDE":"-27.71925291568","LONGITUDE":"-48.56449568815","ANALISES":[{"DATA":"27\/04\/2026","CONDICAO":"PR\u00d3PRIO","CHUVA":"Moderada","RESULTADO":"223","TEMP_AGUA":"24"},{"DATA":"30\/03\/2026","CONDICAO":"PR\u00d3PRIO","CHUVA":"Ausente","RESULTADO":"72","TEMP_AGUA":"27"},{"DATA":"24\/03\/2026","CONDICAO":"PR\u00d3PRIO","CHUVA":"Ausente","RESULTADO":"242","TEMP_AGUA":"25"},{"DATA":"16\/03\/2026","CONDICAO":"PR\u00d3PRIO","CHUVA":"Ausente","RESULTADO":"148","TEMP_AGUA":"26"},{"DATA":"09\/03\/2026","CONDICAO":"PR\u00d3PRIO","CHUVA":"Moderada","RESULTADO":"10","TEMP_AGUA":"25"}]},{"CODIGO":"267","MUNICIPIO_COD_IBGE":"4205407","MUNICIPIO":"FLORIAN\u00d3POLIS","PONTO_NOME":"Ponto 45","BALNEARIO":"PRAIA DO PANTANO DO SUL","LOCALIZACAO":"Em frente \u00e0 Rua Abelardo Otac\u00edlio Gomes","LATITUDE":"-27.782740904","LONGITUDE":"-48.507974420","ANALISES":[{"DATA":"28\/04\/2026","CONDICAO":"PR\u00d3PRIO","CHUVA":"Ausente","RESULTADO":"10","TEMP_AGUA":"20"},{"DATA":"31\/03\/2026","CONDICAO":"PR\u00d3PRIO","CHUVA":"Moderada","RESULTADO":"246","TEMP_AGUA":"20"},{"DATA":"25\/03\/2026","CONDICAO":"PR\u00d3PRIO","CHUVA":"Ausente","RESULTADO":"10","TEMP_AGUA":"20"},{"DATA":"17\/03\/2026","CONDICAO":"PR\u00d3PRIO","CHUVA":"Ausente","RESULTADO":"10","TEMP_AGUA":"18"},{"DATA":"10\/03\/2026","CONDICAO":"PR\u00d3PRIO","CHUVA":"Moderada","RESULTADO":"20","TEMP_AGUA":"23"}]},{"CODIGO":"239","MUNICIPIO_COD_IBGE":"4205407","MUNICIPIO":"FLORIAN\u00d3POLIS","PONTO_NOME":"Ponto 55","BALNEARIO":"PRAIA DE CANASVIEIRAS","LOCALIZACAO":"Em frente \u00e0 Rua Heitor Bitencourt","LATITUDE":"-27.427226180778","LONGITUDE":"-48.468766212287","ANALISES":[{"DATA":"27\/04\/2026","CONDICAO":"PR\u00d3PRIO","CHUVA":"Intensa","RESULTADO":"86","TEMP_AGUA":"25"},{"DATA":"30\/03\/2026","CONDICAO":"PR\u00d3PRIO","CHUVA":"Ausente","RESULTADO":"706","TEMP_AGUA":"27"},{"DATA":"24\/03\/2026","CONDICAO":"PR\u00d3PRIO","CHUVA":"Fraca","RESULTADO":"295","TEMP_AGUA":"27"},{"DATA":"16\/03\/2026","CONDICAO":"PR\u00d3PRIO","CHUVA":"Ausente","RESULTADO":"530","TEMP_AGUA":"27"},{"DATA":"09\/03\/2026","CONDICAO":"PR\u00d3PRIO","CHUVA":"Intensa","RESULTADO":"52","TEMP_AGUA":"25"}]},{"CODIGO":"251","MUNICIPIO_COD_IBGE":"4205407","MUNICIPIO":"FLORIAN\u00d3POLIS","PONTO_NOME":"Ponto 58","BALNEARIO":"PRAIA DOS INGLESES","LOCALIZACAO":"Em frente \u00e0 Rua Dante de Pata","LATITUDE":"-27.433592","LONGITUDE":"-48.392892","ANALISES":[{"DATA":"27\/04\/2026","CONDICAO":"PR\u00d3PRIO","CHUVA":"Intensa","RESULTADO":"96","TEMP_AGUA":"22"},{"DATA":"30\/03\/2026","CONDICAO":"PR\u00d3PRIO","CHUVA":"Ausente","RESULTADO":"97","TEMP_AGUA":"24"},{"DATA":"24\/03\/2026","CONDICAO":"PR\u00d3PRIO","CHUVA":"Fraca","RESULTADO":"31","TEMP_AGUA":"24"},{"DATA":"16\/03\/2026","CONDICAO":"PR\u00d3PRIO","CHUVA":"Ausente","RESULTADO":"20","TEMP_AGUA":"25"},{"DATA":"09\/03\/2026","CONDICAO":"PR\u00d3PRIO","CHUVA":"Intensa","RESULTADO":"160","TEMP_AGUA":"24"}]},{"CODIGO":"240","MUNICIPIO_COD_IBGE":"4205407","MUNICIPIO":"FLORIAN\u00d3POLIS","PONTO_NOME":"Ponto 59","BALNEARIO":"PRAIA DE CANASVIEIRAS","LOCALIZACAO":"Em frente \u00e0 Rua Acary Margarida","LATITUDE":"-27.427575224575","LONGITUDE":"-48.467120115208","ANALISES":[{"DATA":"27\/04\/2026","CONDICAO":"PR\u00d3PRIO","CHUVA":"Intensa","RESULTADO":"41","TEMP_AGUA":"25"},{"DATA":"30\/03\/2026","CONDICAO":"PR\u00d3PRIO","CHUVA":"Ausente","RESULTADO":"638","TEMP_AGUA":"27"},{"DATA":"24\/03\/2026","CONDICAO":"PR\u00d3PRIO","CHUVA":"Fraca","RESULTADO":"292","TEMP_AGUA":"27"},{"DATA":"16\/03\/2026","CONDICAO":"PR\u00d3PRIO","CHUVA":"Ausente","RESULTADO":"86","TEMP_AGUA":"27"},{"DATA":"09\/03\/2026","CONDICAO":"PR\u00d3PRIO","CHUVA":"Intensa","RESULTADO":"41","TEMP_AGUA":"25"}]},{"CODIGO":"241","MUNICIPIO_COD_IBGE":"4205407","MUNICIPIO":"FLORIAN\u00d3POLIS","PONTO_NOME":"Ponto 60","BALNEARIO":"PRAIA DE CANASVIEIRAS","LOCALIZACAO":"No canto esquerdo, pr\u00f3ximo \u00e0s pedras","LATITUDE":"-27.426517696928","LONGITUDE":"-48.472483313135","ANALISES":[{"DATA":"27\/04\/2026","CONDICAO":"PR\u00d3PRIO","CHUVA":"Intensa","RESULTADO":"98","TEMP_AGUA":"25"},{"DATA":"30\/03\/2026","CONDICAO":"PR\u00d3PRIO","CHUVA":"Ausente","RESULTADO":"197","TEMP_AGUA":"27"},{"DATA":"24\/03\/2026","CONDICAO":"PR\u00d3PRIO","CHUVA":"Fraca","RESULTADO":"85","TEMP_AGUA":"27"},{"DATA":"16\/03\/2026","CONDICAO":"PR\u00d3PRIO","CHUVA":"Ausente","RESULTADO":"988","TEMP_AGUA":"27"},{"DATA":"09\/03\/2026","CONDICAO":"PR\u00d3PRIO","CHUVA":"Intensa","RESULTADO":"135","TEMP_AGUA":"25"}]},{"CODIGO":"242","MUNICIPIO_COD_IBGE":"4205407","MUNICIPIO":"FLORIAN\u00d3POLIS","PONTO_NOME":"Ponto 23","BALNEARIO":"PRAIA DE PONTA DAS CANAS","LOCALIZACAO":"100 metros \u00e0 esquerda da Igreja","LATITUDE":"-27.395828009926","LONGITUDE":"-48.4347983330746","ANALISES":[{"DATA":"27\/04\/2026","CONDICAO":"PR\u00d3PRIO","CHUVA":"Intensa","RESULTADO":"399","TEMP_AGUA":"23"},{"DATA":"30\/03\/2026","CONDICAO":"PR\u00d3PRIO","CHUVA":"Ausente","RESULTADO":"10","TEMP_AGUA":"25"},{"DATA":"24\/03\/2026","CONDICAO":"PR\u00d3PRIO","CHUVA":"Fraca","RESULTADO":"52","TEMP_AGUA":"26"},{"DATA":"16\/03\/2026","CONDICAO":"PR\u00d3PRIO","CHUVA":"Ausente","RESULTADO":"63","TEMP_AGUA":"26"},{"DATA":"09\/03\/2026","CONDICAO":"PR\u00d3PRIO","CHUVA":"Intensa","RESULTADO":"98","TEMP_AGUA":"25"}]},{"CODIGO":"244","MUNICIPIO_COD_IBGE":"4205407","MUNICIPIO":"FLORIAN\u00d3POLIS","PONTO_NOME":"Ponto 24","BALNEARIO":"PRAIA BRAVA","LOCALIZACAO":"Pr\u00f3ximo \u00e0 foz do riacho (Cost\u00e3o Sul, no mar)","LATITUDE":"-27.404968564078","LONGITUDE":"-48.410910365521","ANALISES":[{"DATA":"27\/04\/2026","CONDICAO":"PR\u00d3PRIO","CHUVA":"Intensa","RESULTADO":"250","TEMP_AGUA":"22"},{"DATA":"30\/03\/2026","CONDICAO":"PR\u00d3PRIO","CHUVA":"Ausente","RESULTADO":"10","TEMP_AGUA":"23"},{"DATA":"24\/03\/2026","CONDICAO":"PR\u00d3PRIO","CHUVA":"Fraca","RESULTADO":"156","TEMP_AGUA":"25"},{"DATA":"16\/03\/2026","CONDICAO":"PR\u00d3PRIO","CHUVA":"Ausente","RESULTADO":"63","TEMP_AGUA":"25"},{"DATA":"09\/03\/2026","CONDICAO":"PR\u00d3PRIO","CHUVA":"Intensa","RESULTADO":"148","TEMP_AGUA":"25"}]},{"CODIGO":"245","MUNICIPIO_COD_IBGE":"4205407","MUNICIPIO":"FLORIAN\u00d3POLIS","PONTO_NOME":"Ponto 25","BALNEARIO":"PRAIA BRAVA","LOCALIZACAO":"Em frente a Rua Sin\u00e9sio Duarte, ao lado do Posto de Salva Vidas","LATITUDE":"-27.39758506784498","LONGITUDE":"-48.41367040622632","ANALISES":[{"DATA":"27\/04\/2026","CONDICAO":"PR\u00d3PRIO","CHUVA":"Intensa","RESULTADO":"121","TEMP_AGUA":"22"},{"DATA":"30\/03\/2026","CONDICAO":"PR\u00d3PRIO","CHUVA":"Ausente","RESULTADO":"10","TEMP_AGUA":"23"},{"DATA":"24\/03\/2026","CONDICAO":"PR\u00d3PRIO","CHUVA":"Fraca","RESULTADO":"97","TEMP_AGUA":"25"},{"DATA":"16\/03\/2026","CONDICAO":"PR\u00d3PRIO","CHUVA":"Ausente","RESULTADO":"10","TEMP_AGUA":"25"},{"DATA":"09\/03\/2026","CONDICAO":"PR\u00d3PRIO","CHUVA":"Intensa","RESULTADO":"148","TEMP_AGUA":"25"}]},{"CODIGO":"246","MUNICIPIO_COD_IBGE":"4205407","MUNICIPIO":"FLORIAN\u00d3POLIS","PONTO_NOME":"Ponto 26","BALNEARIO":"PRAIA DA LAGOINHA","LOCALIZACAO":"\u00c0 esquerda da sa\u00edda da Lagoa","LATITUDE":"-27.3887684265592","LONGITUDE":"-48.4209008480480","ANALISES":[{"DATA":"27\/04\/2026","CONDICAO":"PR\u00d3PRIO","CHUVA":"Intensa","RESULTADO":"910","TEMP_AGUA":"23"},{"DATA":"30\/03\/2026","CONDICAO":"PR\u00d3PRIO","CHUVA":"Ausente","RESULTADO":"10","TEMP_AGUA":"25"},{"DATA":"24\/03\/2026","CONDICAO":"PR\u00d3PRIO","CHUVA":"Fraca","RESULTADO":"218","TEMP_AGUA":"26"},{"DATA":"16\/03\/2026","CONDICAO":"PR\u00d3PRIO","CHUVA":"Ausente","RESULTADO":"31","TEMP_AGUA":"26"},{"DATA":"09\/03\/2026","CONDICAO":"PR\u00d3PRIO","CHUVA":"Intensa","RESULTADO":"63","TEMP_AGUA":"25"}]},{"CODIGO":"247","MUNICIPIO_COD_IBGE":"4205407","MUNICIPIO":"FLORIAN\u00d3POLIS","PONTO_NOME":"Ponto 27","BALNEARIO":"PRAIA DOS INGLESES","LOCALIZACAO":"Em frente \u00e0 Rua Recanto do Sol, \u00e0 esquerda do Rio Capivar\u00ed","LATITUDE":"-27.424779","LONGITUDE":"-48.399541","ANALISES":[{"DATA":"27\/04\/2026","CONDICAO":"PR\u00d3PRIO","CHUVA":"Intensa","RESULTADO":"581","TEMP_AGUA":"22"},{"DATA":"30\/03\/2026","CONDICAO":"PR\u00d3PRIO","CHUVA":"Ausente","RESULTADO":"295","TEMP_AGUA":"24"},{"DATA":"24\/03\/2026","CONDICAO":"PR\u00d3PRIO","CHUVA":"Fraca","RESULTADO":"51","TEMP_AGUA":"24"},{"DATA":"16\/03\/2026","CONDICAO":"PR\u00d3PRIO","CHUVA":"Ausente","RESULTADO":"74","TEMP_AGUA":"25"},{"DATA":"09\/03\/2026","CONDICAO":"IMPR\u00d3PRIO","CHUVA":"Intensa","RESULTADO":"74","TEMP_AGUA":"25"}]},{"CODIGO":"248","MUNICIPIO_COD_IBGE":"4205407","MUNICIPIO":"FLORIAN\u00d3POLIS","PONTO_NOME":"Ponto 28","BALNEARIO":"PRAIA DOS INGLESES","LOCALIZACAO":"Estrada Dom Jo\u00e3o Becker, em frente ao n\u00b0355","LATITUDE":"-27.435969912488","LONGITUDE":"-48.39056879473686","ANALISES":[{"DATA":"27\/04\/2026","CONDICAO":"PR\u00d3PRIO","CHUVA":"Intensa","RESULTADO":"41","TEMP_AGUA":"22"},{"DATA":"30\/03\/2026","CONDICAO":"PR\u00d3PRIO","CHUVA":"Ausente","RESULTADO":"98","TEMP_AGUA":"24"},{"DATA":"24\/03\/2026","CONDICAO":"PR\u00d3PRIO","CHUVA":"Fraca","RESULTADO":"107","TEMP_AGUA":"24"},{"DATA":"16\/03\/2026","CONDICAO":"PR\u00d3PRIO","CHUVA":"Ausente","RESULTADO":"30","TEMP_AGUA":"25"},{"DATA":"09\/03\/2026","CONDICAO":"PR\u00d3PRIO","CHUVA":"Intensa","RESULTADO":"250","TEMP_AGUA":"24"}]},{"CODIGO":"249","MUNICIPIO_COD_IBGE":"4205407","MUNICIPIO":"FLORIAN\u00d3POLIS","PONTO_NOME":"Ponto 29","BALNEARIO":"PRAIA DOS INGLESES","LOCALIZACAO":"Em frente \u00e0 Rua da Igreja","LATITUDE":"-27.4434491918398","LONGITUDE":"-48.3766188451383","ANALISES":[{"DATA":"27\/04\/2026","CONDICAO":"PR\u00d3PRIO","CHUVA":"Intensa","RESULTADO":"63","TEMP_AGUA":"22"},{"DATA":"30\/03\/2026","CONDICAO":"PR\u00d3PRIO","CHUVA":"Ausente","RESULTADO":"10","TEMP_AGUA":"24"},{"DATA":"24\/03\/2026","CONDICAO":"PR\u00d3PRIO","CHUVA":"Fraca","RESULTADO":"1274","TEMP_AGUA":"24"},{"DATA":"16\/03\/2026","CONDICAO":"PR\u00d3PRIO","CHUVA":"Ausente","RESULTADO":"455","TEMP_AGUA":"25"},{"DATA":"09\/03\/2026","CONDICAO":"PR\u00d3PRIO","CHUVA":"Intensa","RESULTADO":"218","TEMP_AGUA":"24"}]},{"CODIGO":"250","MUNICIPIO_COD_IBGE":"4205407","MUNICIPIO":"FLORIAN\u00d3POLIS","PONTO_NOME":"Ponto 57","BALNEARIO":"PRAIA DOS INGLESES","LOCALIZACAO":"Em frente \u00e0 Rua Ruth Pereira (Rua do Sir\u00ed)","LATITUDE":"-27.4391402283861","LONGITUDE":"-48.3864187900595","ANALISES":[{"DATA":"27\/04\/2026","CONDICAO":"PR\u00d3PRIO","CHUVA":"Intensa","RESULTADO":"437","TEMP_AGUA":"22"},{"DATA":"30\/03\/2026","CONDICAO":"PR\u00d3PRIO","CHUVA":"Ausente","RESULTADO":"175","TEMP_AGUA":"24"},{"DATA":"24\/03\/2026","CONDICAO":"IMPR\u00d3PRIO","CHUVA":"Fraca","RESULTADO":"2247","TEMP_AGUA":"24"},{"DATA":"16\/03\/2026","CONDICAO":"PR\u00d3PRIO","CHUVA":"Ausente","RESULTADO":"644","TEMP_AGUA":"25"},{"DATA":"09\/03\/2026","CONDICAO":"IMPR\u00d3PRIO","CHUVA":"Intensa","RESULTADO":"262","TEMP_AGUA":"24"}]},{"CODIGO":"252","MUNICIPIO_COD_IBGE":"4205407","MUNICIPIO":"FLORIAN\u00d3POLIS","PONTO_NOME":"Ponto 31","BALNEARIO":"PRAIA DO SANTINHO","LOCALIZACAO":"Na Rua Raul Pereira Caldas, em frente ao Posto de Salva Vidas","LATITUDE":"-27.4636410591801","LONGITUDE":"-48.3761103331993","ANALISES":[{"DATA":"27\/04\/2026","CONDICAO":"PR\u00d3PRIO","CHUVA":"Intensa","RESULTADO":"10","TEMP_AGUA":"22"},{"DATA":"30\/03\/2026","CONDICAO":"PR\u00d3PRIO","CHUVA":"Ausente","RESULTADO":"10","TEMP_AGUA":"22"},{"DATA":"24\/03\/2026","CONDICAO":"PR\u00d3PRIO","CHUVA":"Fraca","RESULTADO":"1430","TEMP_AGUA":"24"},{"DATA":"16\/03\/2026","CONDICAO":"PR\u00d3PRIO","CHUVA":"Ausente","RESULTADO":"122","TEMP_AGUA":"24"},{"DATA":"09\/03\/2026","CONDICAO":"PR\u00d3PRIO","CHUVA":"Intensa","RESULTADO":"10","TEMP_AGUA":"24"}]},{"CODIGO":"159","MUNICIPIO_COD_IBGE":"4212502","MUNICIPIO":"PENHA","PONTO_NOME":"Ponto 03","BALNEARIO":"PRAIA DA ARMA\u00c7\u00c3O DO ITAPOCOR\u00d3I","LOCALIZACAO":"Em frente \u00e0 Rua In\u00eas de Souza (Praia do Quilombo)","LATITUDE":"-26.77307941168229","LONGITUDE":"-48.63858966526591","ANALISES":[{"DATA":"28\/04\/2026","CONDICAO":"PR\u00d3PRIO","CHUVA":"Ausente","RESULTADO":"10","TEMP_AGUA":"22"},{"DATA":"31\/03\/2026","CONDICAO":"PR\u00d3PRIO","CHUVA":"Intensa","RESULTADO":"52","TEMP_AGUA":"25"},{"DATA":"25\/03\/2026","CONDICAO":"PR\u00d3PRIO","CHUVA":"Ausente","RESULTADO":"31","TEMP_AGUA":"28"},{"DATA":"17\/03\/2026","CONDICAO":"PR\u00d3PRIO","CHUVA":"Ausente","RESULTADO":"63","TEMP_AGUA":"26"},{"DATA":"10\/03\/2026","CONDICAO":"PR\u00d3PRIO","CHUVA":"Moderada","RESULTADO":"158","TEMP_AGUA":"25"}]},{"CODIGO":"254","MUNICIPIO_COD_IBGE":"4205407","MUNICIPIO":"FLORIAN\u00d3POLIS","PONTO_NOME":"Ponto 33","BALNEARIO":"PRAIA DA JOAQUINA","LOCALIZACAO":"Em frente ao Posto de Salva Vidas","LATITUDE":"-27.62907846483125","LONGITUDE":"-48.44823099512896","ANALISES":[{"DATA":"28\/04\/2026","CONDICAO":"PR\u00d3PRIO","CHUVA":"Ausente","RESULTADO":"10","TEMP_AGUA":"21"},{"DATA":"31\/03\/2026","CONDICAO":"PR\u00d3PRIO","CHUVA":"Moderada","RESULTADO":"10","TEMP_AGUA":"22"},{"DATA":"25\/03\/2026","CONDICAO":"PR\u00d3PRIO","CHUVA":"Ausente","RESULTADO":"10","TEMP_AGUA":"20"},{"DATA":"17\/03\/2026","CONDICAO":"PR\u00d3PRIO","CHUVA":"Ausente","RESULTADO":"10","TEMP_AGUA":"18"},{"DATA":"10\/03\/2026","CONDICAO":"PR\u00d3PRIO","CHUVA":"Moderada","RESULTADO":"10","TEMP_AGUA":"23"}]},{"CODIGO":"255","MUNICIPIO_COD_IBGE":"4205407","MUNICIPIO":"FLORIAN\u00d3POLIS","PONTO_NOME":"Ponto 35","BALNEARIO":"PRAIA DO CAMPECHE","LOCALIZACAO":"Em frente \u00e0 Avenida Pequeno Pr\u00edncipe","LATITUDE":"-27.6901707000176","LONGITUDE":"-48.481243339719","ANALISES":[{"DATA":"28\/04\/2026","CONDICAO":"PR\u00d3PRIO","CHUVA":"Ausente","RESULTADO":"10","TEMP_AGUA":"21"},{"DATA":"31\/03\/2026","CONDICAO":"PR\u00d3PRIO","CHUVA":"Moderada","RESULTADO":"10","TEMP_AGUA":"22"},{"DATA":"25\/03\/2026","CONDICAO":"PR\u00d3PRIO","CHUVA":"Ausente","RESULTADO":"10","TEMP_AGUA":"21"},{"DATA":"17\/03\/2026","CONDICAO":"PR\u00d3PRIO","CHUVA":"Ausente","RESULTADO":"10","TEMP_AGUA":"20"},{"DATA":"10\/03\/2026","CONDICAO":"PR\u00d3PRIO","CHUVA":"Moderada","RESULTADO":"86","TEMP_AGUA":"23"}]},{"CODIGO":"256","MUNICIPIO_COD_IBGE":"4205407","MUNICIPIO":"FLORIAN\u00d3POLIS","PONTO_NOME":"Ponto 63","BALNEARIO":"PRAIA DA CAIACANGA\u00c7\u00da","LOCALIZACAO":"Estrada Geral do Ribeir\u00e3o, altura do n\u00b012820","LATITUDE":"-27.7599284876114","LONGITUDE":"-48.5726988747967","ANALISES":[{"DATA":"27\/04\/2026","CONDICAO":"PR\u00d3PRIO","CHUVA":"Moderada","RESULTADO":"173","TEMP_AGUA":"24"},{"DATA":"30\/03\/2026","CONDICAO":"PR\u00d3PRIO","CHUVA":"Ausente","RESULTADO":"30","TEMP_AGUA":"27"},{"DATA":"24\/03\/2026","CONDICAO":"PR\u00d3PRIO","CHUVA":"Ausente","RESULTADO":"31","TEMP_AGUA":"25"},{"DATA":"16\/03\/2026","CONDICAO":"PR\u00d3PRIO","CHUVA":"Ausente","RESULTADO":"74","TEMP_AGUA":"26"},{"DATA":"09\/03\/2026","CONDICAO":"PR\u00d3PRIO","CHUVA":"Moderada","RESULTADO":"120","TEMP_AGUA":"22"}]},{"CODIGO":"257","MUNICIPIO_COD_IBGE":"4205407","MUNICIPIO":"FLORIAN\u00d3POLIS","PONTO_NOME":"Ponto 37","BALNEARIO":"LAGOA DA CONCEI\u00c7\u00c3O","LOCALIZACAO":"Em frente \u00e0 Servid\u00e3o Pedro Manuel Fernandes","LATITUDE":"-27.60923978368693","LONGITUDE":"-48.4444270121756","ANALISES":[{"DATA":"28\/04\/2026","CONDICAO":"PR\u00d3PRIO","CHUVA":"Ausente","RESULTADO":"84","TEMP_AGUA":"23"},{"DATA":"31\/03\/2026","CONDICAO":"PR\u00d3PRIO","CHUVA":"Moderada","RESULTADO":"97","TEMP_AGUA":"28"},{"DATA":"25\/03\/2026","CONDICAO":"PR\u00d3PRIO","CHUVA":"Ausente","RESULTADO":"10","TEMP_AGUA":"28"},{"DATA":"17\/03\/2026","CONDICAO":"PR\u00d3PRIO","CHUVA":"Ausente","RESULTADO":"86","TEMP_AGUA":"28"},{"DATA":"10\/03\/2026","CONDICAO":"PR\u00d3PRIO","CHUVA":"Moderada","RESULTADO":"135","TEMP_AGUA":"25"}]},{"CODIGO":"258","MUNICIPIO_COD_IBGE":"4205407","MUNICIPIO":"FLORIAN\u00d3POLIS","PONTO_NOME":"Ponto 38","BALNEARIO":"LAGOA DA CONCEI\u00c7\u00c3O","LOCALIZACAO":"Nos Trapiches dos Servi\u00e7os de Transportes","LATITUDE":"-27.6047854398160","LONGITUDE":"-48.4637536230621","ANALISES":[{"DATA":"28\/04\/2026","CONDICAO":"PR\u00d3PRIO","CHUVA":"Ausente","RESULTADO":"552","TEMP_AGUA":"22"},{"DATA":"31\/03\/2026","CONDICAO":"PR\u00d3PRIO","CHUVA":"Moderada","RESULTADO":"1860","TEMP_AGUA":"28"},{"DATA":"25\/03\/2026","CONDICAO":"PR\u00d3PRIO","CHUVA":"Ausente","RESULTADO":"75","TEMP_AGUA":"27"},{"DATA":"17\/03\/2026","CONDICAO":"PR\u00d3PRIO","CHUVA":"Ausente","RESULTADO":"41","TEMP_AGUA":"28"},{"DATA":"10\/03\/2026","CONDICAO":"PR\u00d3PRIO","CHUVA":"Moderada","RESULTADO":"250","TEMP_AGUA":"25"}]},{"CODIGO":"259","MUNICIPIO_COD_IBGE":"4205407","MUNICIPIO":"FLORIAN\u00d3POLIS","PONTO_NOME":"Ponto 39","BALNEARIO":"LAGOA DA CONCEI\u00c7\u00c3O","LOCALIZACAO":"Em frente \u00e0 Rua de acesso \u00e0 Praia da Joaquina","LATITUDE":"-27.6087288145788","LONGITUDE":"-48.4421599763135","ANALISES":[{"DATA":"28\/04\/2026","CONDICAO":"PR\u00d3PRIO","CHUVA":"Ausente","RESULTADO":"142","TEMP_AGUA":"22"},{"DATA":"31\/03\/2026","CONDICAO":"PR\u00d3PRIO","CHUVA":"Moderada","RESULTADO":"465","TEMP_AGUA":"28"},{"DATA":"25\/03\/2026","CONDICAO":"IMPR\u00d3PRIO","CHUVA":"Ausente","RESULTADO":"63","TEMP_AGUA":"28"},{"DATA":"17\/03\/2026","CONDICAO":"IMPR\u00d3PRIO","CHUVA":"Ausente","RESULTADO":"311","TEMP_AGUA":"28"},{"DATA":"10\/03\/2026","CONDICAO":"IMPR\u00d3PRIO","CHUVA":"Moderada","RESULTADO":"1935","TEMP_AGUA":"25"}]},{"CODIGO":"260","MUNICIPIO_COD_IBGE":"4205407","MUNICIPIO":"FLORIAN\u00d3POLIS","PONTO_NOME":"Ponto 41","BALNEARIO":"LAGOA DA CONCEI\u00c7\u00c3O","LOCALIZACAO":"No canto da Lagoa, ao lado do Posto de Sa\u00fade","LATITUDE":"-27.61585301139431","LONGITUDE":"-48.48387858772162","ANALISES":[{"DATA":"28\/04\/2026","CONDICAO":"PR\u00d3PRIO","CHUVA":"Ausente","RESULTADO":"272","TEMP_AGUA":"22"},{"DATA":"31\/03\/2026","CONDICAO":"PR\u00d3PRIO","CHUVA":"Moderada","RESULTADO":"203","TEMP_AGUA":"26"},{"DATA":"25\/03\/2026","CONDICAO":"PR\u00d3PRIO","CHUVA":"Ausente","RESULTADO":"134","TEMP_AGUA":"27"},{"DATA":"17\/03\/2026","CONDICAO":"PR\u00d3PRIO","CHUVA":"Ausente","RESULTADO":"169","TEMP_AGUA":"28"},{"DATA":"10\/03\/2026","CONDICAO":"PR\u00d3PRIO","CHUVA":"Moderada","RESULTADO":"98","TEMP_AGUA":"25"}]},{"CODIGO":"261","MUNICIPIO_COD_IBGE":"4205407","MUNICIPIO":"FLORIAN\u00d3POLIS","PONTO_NOME":"Ponto 43","BALNEARIO":"LAGOA DA CONCEI\u00c7\u00c3O","LOCALIZACAO":"Em frente ao acesso para o Rio Tavares","LATITUDE":"-27.60660339429657","LONGITUDE":"-48.46202030343408","ANALISES":[{"DATA":"28\/04\/2026","CONDICAO":"PR\u00d3PRIO","CHUVA":"Ausente","RESULTADO":"98","TEMP_AGUA":"22"},{"DATA":"31\/03\/2026","CONDICAO":"PR\u00d3PRIO","CHUVA":"Moderada","RESULTADO":"10","TEMP_AGUA":"28"},{"DATA":"25\/03\/2026","CONDICAO":"PR\u00d3PRIO","CHUVA":"Ausente","RESULTADO":"41","TEMP_AGUA":"28"},{"DATA":"17\/03\/2026","CONDICAO":"PR\u00d3PRIO","CHUVA":"Ausente","RESULTADO":"98","TEMP_AGUA":"28"},{"DATA":"10\/03\/2026","CONDICAO":"PR\u00d3PRIO","CHUVA":"Moderada","RESULTADO":"122","TEMP_AGUA":"25"}]},{"CODIGO":"262","MUNICIPIO_COD_IBGE":"4205407","MUNICIPIO":"FLORIAN\u00d3POLIS","PONTO_NOME":"Ponto 61","BALNEARIO":"LAGOA DA CONCEI\u00c7\u00c3O","LOCALIZACAO":"Em frente \u00e0 Avenida das Rendeiras, altura n\u00b01480","LATITUDE":"-27.60892982889886","LONGITUDE":"-48.45013654499001","ANALISES":[{"DATA":"28\/04\/2026","CONDICAO":"PR\u00d3PRIO","CHUVA":"Ausente","RESULTADO":"52","TEMP_AGUA":"22"},{"DATA":"31\/03\/2026","CONDICAO":"PR\u00d3PRIO","CHUVA":"Moderada","RESULTADO":"41","TEMP_AGUA":"28"},{"DATA":"25\/03\/2026","CONDICAO":"PR\u00d3PRIO","CHUVA":"Ausente","RESULTADO":"238","TEMP_AGUA":"28"},{"DATA":"17\/03\/2026","CONDICAO":"PR\u00d3PRIO","CHUVA":"Ausente","RESULTADO":"20","TEMP_AGUA":"28"},{"DATA":"10\/03\/2026","CONDICAO":"PR\u00d3PRIO","CHUVA":"Moderada","RESULTADO":"317","TEMP_AGUA":"25"}]},{"CODIGO":"265","MUNICIPIO_COD_IBGE":"4205407","MUNICIPIO":"FLORIAN\u00d3POLIS","PONTO_NOME":"Ponto 44","BALNEARIO":"PRAIA DA ARMA\u00c7\u00c3O DO P\u00c2NTANO DO SUL","LOCALIZACAO":"Em frente \u00e0 Igreja da Vila","LATITUDE":"-27.75018986429381","LONGITUDE":"-48.50264131536068","ANALISES":[{"DATA":"28\/04\/2026","CONDICAO":"PR\u00d3PRIO","CHUVA":"Ausente","RESULTADO":"74","TEMP_AGUA":"21"},{"DATA":"31\/03\/2026","CONDICAO":"PR\u00d3PRIO","CHUVA":"Moderada","RESULTADO":"10","TEMP_AGUA":"20"},{"DATA":"25\/03\/2026","CONDICAO":"PR\u00d3PRIO","CHUVA":"Ausente","RESULTADO":"52","TEMP_AGUA":"20"},{"DATA":"17\/03\/2026","CONDICAO":"PR\u00d3PRIO","CHUVA":"Ausente","RESULTADO":"10","TEMP_AGUA":"19"},{"DATA":"10\/03\/2026","CONDICAO":"PR\u00d3PRIO","CHUVA":"Moderada","RESULTADO":"122","TEMP_AGUA":"23"}]},{"CODIGO":"268","MUNICIPIO_COD_IBGE":"4205407","MUNICIPIO":"FLORIAN\u00d3POLIS","PONTO_NOME":"Ponto 65","BALNEARIO":"PRAIA DA SOLID\u00c3O","LOCALIZACAO":"Na Foz do Rio das Pacas","LATITUDE":"-27.7952671645009","LONGITUDE":"-48.5342612003906","ANALISES":[{"DATA":"28\/04\/2026","CONDICAO":"PR\u00d3PRIO","CHUVA":"Ausente","RESULTADO":"10","TEMP_AGUA":"21"},{"DATA":"31\/03\/2026","CONDICAO":"PR\u00d3PRIO","CHUVA":"Moderada","RESULTADO":"10","TEMP_AGUA":"20"},{"DATA":"25\/03\/2026","CONDICAO":"PR\u00d3PRIO","CHUVA":"Ausente","RESULTADO":"10","TEMP_AGUA":"20"},{"DATA":"17\/03\/2026","CONDICAO":"PR\u00d3PRIO","CHUVA":"Ausente","RESULTADO":"52","TEMP_AGUA":"18"},{"DATA":"10\/03\/2026","CONDICAO":"PR\u00d3PRIO","CHUVA":"Moderada","RESULTADO":"31","TEMP_AGUA":"23"}]}]